{"id":2851,"date":"2014-04-25T08:38:43","date_gmt":"2014-04-25T08:38:43","guid":{"rendered":"http:\/\/www.cdlpv.org\/dtl\/?p=2851"},"modified":"2015-09-23T10:31:19","modified_gmt":"2015-09-23T10:31:19","slug":"lactivitat-comercial-de-torrent","status":"publish","type":"post","link":"https:\/\/www.cdlpv.org\/dtl\/2014\/04\/25\/lactivitat-comercial-de-torrent\/","title":{"rendered":"L\u2019activitat comercial de Torrent"},"content":{"rendered":"<p>El diari <em>El Peri\u00f2dic.com<\/em> <a href=\"http:\/\/www.elperiodic.com\/torrent\/noticias\/296853_torrent-promou-lus-valencia-lactivitat-comercial-municipi.html\">(11.04.2014)<\/a> ens informa de les ajudes que oferix per a promoure l\u2019\u00fas del valenci\u00e0 en l\u2019activitat comercial del municipi:<\/p>\n<blockquote><p>\n\u2022 L\u2019Oficina de Promoci\u00f3 i \u00das del Valenci\u00e0 convoca unes ajudes amb el prop\u00f2sit de potenciar l\u2019\u00fas de l\u2019idioma en els r\u00e8tols i les webs dels comer\u00e7os i empreses del municipi<br \/>\n\u2022 Les ajudes s\u00f3n del 50&nbsp;% del cost, fins a un m\u00e0xim de 300 euros<br \/>\n\u2022 Tots aquells empresaris interessats podran rebre assessorament ling\u00fc\u00edstic per a posar el text en valenci\u00e0 correctament<\/p>\n[&#8230;]\n<p>Tots aquells que estiguen interessats a optar a estes ajudes, podran presentar la so&#320;licitud des del 4 d&#8217;abril fins al pr\u00f2xim 7 de novembre de 2014, per registre d&#8217;entrada o telem\u00e0ticament. Per a poder rebre la subvenci\u00f3 econ\u00f2mica hauran de tenir la retolaci\u00f3 exterior o interior de l&#8217;establiment, o la retolaci\u00f3 del vehicle en valenci\u00e0. Per la seua banda, les web hauran de tenir el valenci\u00e0 com a llengua preferent.<\/p>\n<p>Des de l&#8217;Oficina de Promoci\u00f3 i \u00das del Valenci\u00e0 els sol&#320;licitants que ho desitgen podran rebre l&#8217;assessorament ling\u00fc\u00edstic necessari per a posar el text en valenci\u00e0 correctament. Per a fer-ho, hauran d&#8217;acudir a les oficines de l&#8217;entitat organitzadora situades en la sisena planta del consistori o b\u00e9 poden enviar el text a l\u2019adre\u00e7a electr\u00f2nica: <a href=\"http:\/\/mailto:usvalencia@torrent.es\" target=\"_blank\">usvalencia@torrent.es<\/a><\/p><\/blockquote>\n","protected":false},"excerpt":{"rendered":"<p>El diari El Peri\u00f2dic.com (11.04.2014) ens informa de les ajudes que oferix per a promoure l\u2019\u00fas del valenci\u00e0 en l\u2019activitat comercial del municipi: \u2022 L\u2019Oficina de Promoci\u00f3 i \u00das del Valenci\u00e0 convoca unes ajudes amb el prop\u00f2sit de potenciar l\u2019\u00fas de l\u2019idioma en els r\u00e8tols i les webs dels comer\u00e7os i empreses del municipi \u2022 [&hellip;]<\/p>\n","protected":false},"author":2,"featured_media":0,"comment_status":"open","ping_status":"open","sticky":false,"template":"","format":"standard","meta":{"footnotes":""},"categories":[26,28],"tags":[50,51],"class_list":["post-2851","post","type-post","status-publish","format-standard","hentry","category-serveis-linguistics","category-subvencions","tag-administracio-local","tag-ajudes"],"_links":{"self":[{"href":"https:\/\/www.cdlpv.org\/dtl\/wp-json\/wp\/v2\/posts\/2851","targetHints":{"allow":["GET"]}}],"collection":[{"href":"https:\/\/www.cdlpv.org\/dtl\/wp-json\/wp\/v2\/posts"}],"about":[{"href":"https:\/\/www.cdlpv.org\/dtl\/wp-json\/wp\/v2\/types\/post"}],"author":[{"embeddable":true,"href":"https:\/\/www.cdlpv.org\/dtl\/wp-json\/wp\/v2\/users\/2"}],"replies":[{"embeddable":true,"href":"https:\/\/www.cdlpv.org\/dtl\/wp-json\/wp\/v2\/comments?post=2851"}],"version-history":[{"count":2,"href":"https:\/\/www.cdlpv.org\/dtl\/wp-json\/wp\/v2\/posts\/2851\/revisions"}],"predecessor-version":[{"id":2853,"href":"https:\/\/www.cdlpv.org\/dtl\/wp-json\/wp\/v2\/posts\/2851\/revisions\/2853"}],"wp:attachment":[{"href":"https:\/\/www.cdlpv.org\/dtl\/wp-json\/wp\/v2\/media?parent=2851"}],"wp:term":[{"taxonomy":"category","embeddable":true,"href":"https:\/\/www.cdlpv.org\/dtl\/wp-json\/wp\/v2\/categories?post=2851"},{"taxonomy":"post_tag","embeddable":true,"href":"https:\/\/www.cdlpv.org\/dtl\/wp-json\/wp\/v2\/tags?post=2851"}],"curies":[{"name":"wp","href":"https:\/\/api.w.org\/{rel}","templated":true}]}}