{"id":285,"date":"2008-01-15T10:13:39","date_gmt":"2008-01-15T09:13:39","guid":{"rendered":"http:\/\/www.cdlpv.org\/dtl\/?p=285"},"modified":"2008-01-15T10:13:39","modified_gmt":"2008-01-15T09:13:39","slug":"lacatament-de-les-sentencies-i-la-llengua","status":"publish","type":"post","link":"https:\/\/www.cdlpv.org\/dtl\/2008\/01\/15\/lacatament-de-les-sentencies-i-la-llengua\/","title":{"rendered":"L&#8217;acatament de les sent\u00e8ncies i la llengua"},"content":{"rendered":"<p>Un article del diari <em>El Pa\u00eds<\/em> (<a href=\"\" target=\"_blank\">14.01.2008<\/a>; l&#8217;hem tradu\u00eft amb l&#8217;ajuda de l&#8217;Internostrum) oferix una panor\u00e0mica interessant sobre la realitat de l&#8217;acatament de les sent\u00e8ncies &mdash;que declaren alguns pol\u00edtics, principalment perqu\u00e8 els conv\u00e9 pol\u00edticament&mdash; i l&#8217;actuaci\u00f3 real que porten a terme, en concret, en la q\u00fcesti\u00f3 de les titulacions de valenci\u00e0 [veg. <em><span class=\"versaleta\">dtl<\/span><\/em> <a href=\"http:\/\/www.cdlpv.org\/dtl\/?p=280\" target=\"_blank\">10.01.2008<\/a>].<\/p>\n<blockquote>\n<h2>L&#8217;anticatalanisme li costa al Consell onze condemnes en tres anys<\/h2>\n<h3>El TSJ ha em\u00e9s sent\u00e8ncies id\u00e8ntiques per no recon\u00e9ixer filologia catalana<\/h3>\n<h5>Ignacio Zafra &#8211; Val\u00e8ncia &#8211; 14.01.2008<\/h5>\n<p>\u00bfPoden les administracions dictar indefinidament ordres id\u00e8ntiques sabent que seran tombades pels tribunals? El Govern valenci\u00e0 \u00e9s una prova que s\u00ed que poden. Des de mar\u00e7 de 2004, la Generalitat acumula 11 sent\u00e8ncies condemnat\u00f2ries per la mateixa ra\u00f3: haver obviat en altres tantes convocat\u00f2ries que la carrera de filologia catalana eximix de l&#8217;examen de valenci\u00e0 en les oposicions a professor de secund\u00e0ria. L&#8217;\u00faltima es va donar a con\u00e9ixer a primers de gener.<\/p>\n<p>\u00abEs tracta d&#8217;un drama que es repetix mec\u00e0nicament\u00bb, comenta Jos\u00e9 Mar\u00eda Ba\u00f1o, un dels advocats que ha representat a les universitats de Val\u00e8ncia i Alacant en mitja dotzena dels judicis. \u00bfNo pot implicar eixa insist\u00e8ncia conseq\u00fc\u00e8ncies jur\u00eddica? Els experts consultats responen que, si es donaren determinats sup\u00f2sits, el Consell estaria incorrent en un delicte de desobedi\u00e8ncia. Per\u00f2 que eixa figura \u00e9s dif\u00edcil de provar. Faria falta que les sent\u00e8ncies foren fermes, que es donara una repetici\u00f3 en la persona de l&#8217;administraci\u00f3 que signa les ordres i probablement tamb\u00e9 una &#8220;advert\u00e8ncia&#8221; pr\u00e8via, indica, com a teoria general, el catedr\u00e0tic de dret penal de la Universitat de Val\u00e8ncia Javier Boix. Tots lamenten, en canvi, una conducta que contribu\u00efx a sobrecarregar el sistema judicial, implica despesa de diners p\u00fablics i no es dirigix a servir als ciutadans, sin\u00f3 m\u00e9s aviat al contrari.<\/p>\n<p>La cr\u00edtica m\u00e9s dura contra la Generalitat no ix, no obstant aix\u00f2, d&#8217;ells, sin\u00f3 de la Sala Contenciosa Administrativa del Tribunal Superior de Just\u00edcia (TSJ) valenci\u00e0: \u00abNom\u00e9s la tossudesa en la ignor\u00e0ncia i el rebuig dels criteris cient\u00edfics que avalen la unitat ling\u00fc\u00edstica, es manifesta com a exclusiva ra\u00f3 del manteniment de la posici\u00f3 contr\u00e0ria per part de la Generalitat, m\u00e9s encara quan n&#8217;hi han reiterats pronunciaments jurisdiccionals que desautoritzen eixos arguments. Cosa que for\u00e7a a este tribunal a recordar que una de les m\u00e9s elementals exig\u00e8ncies de l&#8217;estat de dret que consagra el nostre text constitucional \u00e9s la de l&#8217;imperatiu compliment de les decisions jurisdiccionals, especialment per part dels poders p\u00fablics, que han de servir amb objectivitat els interessos generals\u00bb. Literal, de la sent\u00e8ncia 474\/06 (28 d&#8217;abril de 2006).<\/p>\n<p>\u00abL&#8217;Administraci\u00f3 no nom\u00e9s ha d&#8217;acatar les sent\u00e8ncies, sin\u00f3 tamb\u00e9 la doctrina\u00bb, assenyala Tom\u00e1s Vives, exvicepresident del Tribunal Constitucional i catedr\u00e0tic de dret penal en la Universitat de Val\u00e8ncia, qui afig que es tracta d&#8217;\u00abuna anomalia molt freq\u00fcent\u00bb, \u00abtenim unes administracions poc obedients amb els tribunals\u00bb.<\/p>\n<p>Una de les raons que allunyen la possibilitat d&#8217;una condemna per desobedi\u00e8ncia al Consell \u00e9s que les 11 sent\u00e8ncies del TSJ s\u00f3n recurribles (de fet totes han estat recorregudes, en l\u00ednia amb eixa repetici\u00f3 mec\u00e0nica) davant el Tribunal Suprem. La primera sent\u00e8ncia d&#8217;este \u00f2rgan jurisdiccional, que sol tardar uns quatre anys a dictar-les degut precisament a la sobrec\u00e0rrega de casos, s&#8217;espera que arribe entre enguany i el seg\u00fcent.<\/p>\n<p>El Tribunal Suprem ja s&#8217;ha pronunciat sobre la llengua: ho va fer al mar\u00e7 de 2006 a l&#8217;obligar a la Generalitat a homologar els certificats de coneixement de catal\u00e0 emesos pels Governs de Catalunya i Balears. I ho ha fet tamb\u00e9 el Tribunal Constitucional, en la sent\u00e8ncia de 1997 en la qual va recon\u00e9ixer el dret de la Universitat de Val\u00e8ncia a utilitzar el terme catal\u00e0 per a referir-se al valenci\u00e0 en els seus estatuts. De fet, estes dues sent\u00e8ncies s\u00f3n citades recurrentment pel TSJ al resoldre sobre les oposicions de secund\u00e0ria. Per\u00f2 el seu objecte no \u00e9s el mateix, el que permet al Consell mantenir la seua t\u00e0ctica.<\/p>\n<p>El m\u00e9s paradoxal \u00e9s que, des de fa anys, la Conselleria d&#8217;Educaci\u00f3 es preocupa de no perjudicar a ning\u00fa en concret. I eximix de facto els posse\u00efdors del t\u00edtol de filologia catalana del controvertit examen de valenci\u00e0 per dues vies: considerant que qui redacten en eixa llengua els exercicis principals de les oposicions ja acrediten el seu coneixement; o, tamb\u00e9, homologant el t\u00edtol amb el de l&#8217;antiga filologia hisp\u00e0nica secci\u00f3 valenciana, una carrera que el Consell s\u00ed que reconeix expressament encara que cap universitat del territori la impartixca amb eixe nom.\n<\/p><\/blockquote>\n","protected":false},"excerpt":{"rendered":"<p>Un article del diari El Pa\u00eds (14.01.2008; l&#8217;hem tradu\u00eft amb l&#8217;ajuda de l&#8217;Internostrum) oferix una panor\u00e0mica interessant sobre la realitat de l&#8217;acatament de les sent\u00e8ncies &mdash;que declaren alguns pol\u00edtics, principalment perqu\u00e8 els conv\u00e9 pol\u00edticament&mdash; i l&#8217;actuaci\u00f3 real que porten a terme, en concret, en la q\u00fcesti\u00f3 de les titulacions de valenci\u00e0 [veg. dtl 10.01.2008]. L&#8217;anticatalanisme [&hellip;]<\/p>\n","protected":false},"author":2,"featured_media":0,"comment_status":"open","ping_status":"open","sticky":false,"template":"","format":"standard","meta":{"footnotes":""},"categories":[10,1,14,19,24],"tags":[109,203,341,435],"class_list":["post-285","post","type-post","status-publish","format-standard","hentry","category-formacio","category-general","category-jurisprudencia","category-politica","category-requisit-linguistic","tag-concursos","tag-filologia-catalana","tag-oposicions","tag-sentencies"],"_links":{"self":[{"href":"https:\/\/www.cdlpv.org\/dtl\/wp-json\/wp\/v2\/posts\/285","targetHints":{"allow":["GET"]}}],"collection":[{"href":"https:\/\/www.cdlpv.org\/dtl\/wp-json\/wp\/v2\/posts"}],"about":[{"href":"https:\/\/www.cdlpv.org\/dtl\/wp-json\/wp\/v2\/types\/post"}],"author":[{"embeddable":true,"href":"https:\/\/www.cdlpv.org\/dtl\/wp-json\/wp\/v2\/users\/2"}],"replies":[{"embeddable":true,"href":"https:\/\/www.cdlpv.org\/dtl\/wp-json\/wp\/v2\/comments?post=285"}],"version-history":[{"count":0,"href":"https:\/\/www.cdlpv.org\/dtl\/wp-json\/wp\/v2\/posts\/285\/revisions"}],"wp:attachment":[{"href":"https:\/\/www.cdlpv.org\/dtl\/wp-json\/wp\/v2\/media?parent=285"}],"wp:term":[{"taxonomy":"category","embeddable":true,"href":"https:\/\/www.cdlpv.org\/dtl\/wp-json\/wp\/v2\/categories?post=285"},{"taxonomy":"post_tag","embeddable":true,"href":"https:\/\/www.cdlpv.org\/dtl\/wp-json\/wp\/v2\/tags?post=285"}],"curies":[{"name":"wp","href":"https:\/\/api.w.org\/{rel}","templated":true}]}}