{"id":2849,"date":"2014-04-15T08:27:11","date_gmt":"2014-04-15T08:27:11","guid":{"rendered":"http:\/\/www.cdlpv.org\/dtl\/?p=2849"},"modified":"2015-09-23T10:27:36","modified_gmt":"2015-09-23T10:27:36","slug":"denominacions-oficials-potries","status":"publish","type":"post","link":"https:\/\/www.cdlpv.org\/dtl\/2014\/04\/15\/denominacions-oficials-potries\/","title":{"rendered":"Denominacions oficials: Potries"},"content":{"rendered":"<p>El municipi de Potries (Safor) ha fixat la forma oficial del seu nom (<span class=\"versaleta\"><em>docv,<\/em><\/span> 14.04.2014):<\/p>\n<blockquote><p>DECRET 54\/2014, d\u201911 d\u2019abril, del Consell, pel qual s\u2019aprova el canvi de denominaci\u00f3 del municipi de Potr\u00edes per la forma exclusiva en valenci\u00e0 de Potries. <a href=\"http:\/\/www.docv.gva.es\/datos\/2014\/04\/14\/pdf\/2014_3334.pdf\" target=\"_blank\"><span class=\"versaleta\">[pdf]<\/span><\/a><\/p><\/blockquote>\n<p>M\u00e9s denominacions oficials en: <a href=\"http:\/\/www.einesdellengua.com\/Fitxes\/Textos\/P\/pobles.htm\" target=\"_blank\">Municipis i comarques (PV)<\/a>.<\/p>\n","protected":false},"excerpt":{"rendered":"<p>El municipi de Potries (Safor) ha fixat la forma oficial del seu nom (docv, 14.04.2014): DECRET 54\/2014, d\u201911 d\u2019abril, del Consell, pel qual s\u2019aprova el canvi de denominaci\u00f3 del municipi de Potr\u00edes per la forma exclusiva en valenci\u00e0 de Potries. [pdf] M\u00e9s denominacions oficials en: Municipis i comarques (PV).<\/p>\n","protected":false},"author":2,"featured_media":0,"comment_status":"open","ping_status":"open","sticky":false,"template":"","format":"standard","meta":{"footnotes":""},"categories":[32],"tags":[50,372],"class_list":["post-2849","post","type-post","status-publish","format-standard","hentry","category-toponimia","tag-administracio-local","tag-pobles"],"_links":{"self":[{"href":"https:\/\/www.cdlpv.org\/dtl\/wp-json\/wp\/v2\/posts\/2849","targetHints":{"allow":["GET"]}}],"collection":[{"href":"https:\/\/www.cdlpv.org\/dtl\/wp-json\/wp\/v2\/posts"}],"about":[{"href":"https:\/\/www.cdlpv.org\/dtl\/wp-json\/wp\/v2\/types\/post"}],"author":[{"embeddable":true,"href":"https:\/\/www.cdlpv.org\/dtl\/wp-json\/wp\/v2\/users\/2"}],"replies":[{"embeddable":true,"href":"https:\/\/www.cdlpv.org\/dtl\/wp-json\/wp\/v2\/comments?post=2849"}],"version-history":[{"count":1,"href":"https:\/\/www.cdlpv.org\/dtl\/wp-json\/wp\/v2\/posts\/2849\/revisions"}],"predecessor-version":[{"id":2850,"href":"https:\/\/www.cdlpv.org\/dtl\/wp-json\/wp\/v2\/posts\/2849\/revisions\/2850"}],"wp:attachment":[{"href":"https:\/\/www.cdlpv.org\/dtl\/wp-json\/wp\/v2\/media?parent=2849"}],"wp:term":[{"taxonomy":"category","embeddable":true,"href":"https:\/\/www.cdlpv.org\/dtl\/wp-json\/wp\/v2\/categories?post=2849"},{"taxonomy":"post_tag","embeddable":true,"href":"https:\/\/www.cdlpv.org\/dtl\/wp-json\/wp\/v2\/tags?post=2849"}],"curies":[{"name":"wp","href":"https:\/\/api.w.org\/{rel}","templated":true}]}}