{"id":2843,"date":"2014-03-24T12:21:29","date_gmt":"2014-03-24T12:21:29","guid":{"rendered":"http:\/\/www.cdlpv.org\/dtl\/?p=2843"},"modified":"2015-09-23T10:17:35","modified_gmt":"2015-09-23T10:17:35","slug":"ideologia-sobre-la-llengua","status":"publish","type":"post","link":"https:\/\/www.cdlpv.org\/dtl\/2014\/03\/24\/ideologia-sobre-la-llengua\/","title":{"rendered":"Ideologia sobre la llengua"},"content":{"rendered":"<p align=\"left\">La Universitat Polit\u00e8cnica de Val\u00e8ncia organitza la Jornada sobre Llengua i Ideologia, que tindr\u00e0 lloc divendres 14 de mar\u00e7 al campus de Vera de la universitat (Val\u00e8ncia).<\/p>\n<p align=\"left\">El programa \u00e9s el seg\u00fcent:<\/p>\n<p align=\"center\"> Divendres, 14 de mar\u00e7 de 2014<\/p>\n<blockquote>\n<p align=\"center\">Universitat Polit\u00e8cnica de Val\u00e8ncia (Campus de Vera)<\/p>\n<p>&nbsp;<\/p>\n<p align=\"center\">MAT\u00cd: SESSIONS PLEN\u00c0RIES<\/p>\n<p align=\"center\">Sala de Graus del Departament de Ling\u00fc\u00edstica Aplicada<\/p>\n<p>10.30-10.45      Benvinguda i presentaci\u00f3 de la Jornada<\/p>\n<p>10.45-11.30      Kit Woolard       UC San Diego    Trets i evoluci\u00f3 de les ideologies ling\u00fc\u00edstiques en el cas de Catalunya<\/p>\n<p>11.30-12.00      Pausa caf\u00e9<\/p>\n<p>12.00-12.45      Juan Carlos Moreno Cabrera, Universidad Aut\u00f3noma de Madrid    Dos dec\u00e1logos actuales del imperalismo ling\u00fc\u00edstico espa\u00f1ol<\/p>\n<p>12.45-13.30      Rafael Castell\u00f3  Universitat de Val\u00e8ncia   Estructura social i pr\u00e0ctiques ling\u00fc\u00edstiques al Pa\u00eds Valenci\u00e0<\/p>\n<p>13.30-14.00      Debat<\/p>\n<p>14.00-15.30      Dinar<\/p>\n<p>&nbsp;<\/p>\n<p align=\"center\">TARDA: TAULA RODONA<\/p>\n<p align=\"center\">Sala de Graus del Departament de Ling\u00fc\u00edstica Aplicada<\/p>\n<p align=\"left\">15.30-15.55      Estibaliz Amorrortu        Universidad de Deusto   Nuevos hablantes de euskera y legitimidad ling\u00fc\u00edstica<\/p>\n<p align=\"left\">15.55-16.20      Fernando Ramallo          Universidade de Vigo     El (neo)hablante leg\u00edtimo y las ideolog\u00edas ling\u00fc\u00edsticas en Galicia<\/p>\n<p align=\"left\">16.20-16.45      Brauli Montoya  Universitat d&#8217;Alacant      Passat i present dels neoparlants valencians<\/p>\n<p align=\"left\">16.45-17.10      Emili Boix          Universitat de Barcelona            Neoparlants del catal\u00e0 en fam\u00edlies pluriling\u00fces a Catalunya<\/p>\n<p align=\"left\">17.10-17.35      Mireia Trenchs   Universitat Pompeu Fabra          &#8216;Tens que aprendre catal\u00e0, castell\u00e0, angl\u00e8s&#8230; la tercera no puc,: La gesti\u00f3 del multiling\u00fcisme en la vida quotidiana dels joves llatinoamericans i xinesos a Catalunya<\/p>\n<p align=\"left\">17.35-18           Raquel Casesnoves i J. \u00c0. Mas    Universitat Pompeu Fabra l Universitat Polit\u00e8cnica de Val\u00e8ncia      Neoparlants universitaris: el catal\u00e0, llengua d&#8217;atracci\u00f3?<\/p>\n<p>18-18.45           Discussi\u00f3<\/p><\/blockquote>\n<p>M\u00e9s informaci\u00f3 ac\u00ed: <a href=\"http:\/\/lid2014.upv.es\/index.html\" target=\"_blank\">LID2014<\/a>.<\/p>\n","protected":false},"excerpt":{"rendered":"<p>La Universitat Polit\u00e8cnica de Val\u00e8ncia organitza la Jornada sobre Llengua i Ideologia, que tindr\u00e0 lloc divendres 14 de mar\u00e7 al campus de Vera de la universitat (Val\u00e8ncia). El programa \u00e9s el seg\u00fcent: Divendres, 14 de mar\u00e7 de 2014 Universitat Polit\u00e8cnica de Val\u00e8ncia (Campus de Vera) &nbsp; MAT\u00cd: SESSIONS PLEN\u00c0RIES Sala de Graus del Departament de [&hellip;]<\/p>\n","protected":false},"author":2,"featured_media":0,"comment_status":"open","ping_status":"open","sticky":false,"template":"","format":"standard","meta":{"footnotes":""},"categories":[10,1,22],"tags":[497],"class_list":["post-2843","post","type-post","status-publish","format-standard","hentry","category-formacio","category-general","category-recerca","tag-universitat-politecnica-de-valencia"],"_links":{"self":[{"href":"https:\/\/www.cdlpv.org\/dtl\/wp-json\/wp\/v2\/posts\/2843","targetHints":{"allow":["GET"]}}],"collection":[{"href":"https:\/\/www.cdlpv.org\/dtl\/wp-json\/wp\/v2\/posts"}],"about":[{"href":"https:\/\/www.cdlpv.org\/dtl\/wp-json\/wp\/v2\/types\/post"}],"author":[{"embeddable":true,"href":"https:\/\/www.cdlpv.org\/dtl\/wp-json\/wp\/v2\/users\/2"}],"replies":[{"embeddable":true,"href":"https:\/\/www.cdlpv.org\/dtl\/wp-json\/wp\/v2\/comments?post=2843"}],"version-history":[{"count":2,"href":"https:\/\/www.cdlpv.org\/dtl\/wp-json\/wp\/v2\/posts\/2843\/revisions"}],"predecessor-version":[{"id":2845,"href":"https:\/\/www.cdlpv.org\/dtl\/wp-json\/wp\/v2\/posts\/2843\/revisions\/2845"}],"wp:attachment":[{"href":"https:\/\/www.cdlpv.org\/dtl\/wp-json\/wp\/v2\/media?parent=2843"}],"wp:term":[{"taxonomy":"category","embeddable":true,"href":"https:\/\/www.cdlpv.org\/dtl\/wp-json\/wp\/v2\/categories?post=2843"},{"taxonomy":"post_tag","embeddable":true,"href":"https:\/\/www.cdlpv.org\/dtl\/wp-json\/wp\/v2\/tags?post=2843"}],"curies":[{"name":"wp","href":"https:\/\/api.w.org\/{rel}","templated":true}]}}