{"id":2840,"date":"2014-02-25T20:30:45","date_gmt":"2014-02-25T20:30:45","guid":{"rendered":"http:\/\/www.cdlpv.org\/dtl\/?p=2840"},"modified":"2015-09-23T10:08:01","modified_gmt":"2015-09-23T10:08:01","slug":"vehicular-les-llengues","status":"publish","type":"post","link":"https:\/\/www.cdlpv.org\/dtl\/2014\/02\/25\/vehicular-les-llengues\/","title":{"rendered":"Vehicular les lleng\u00fces"},"content":{"rendered":"<p>El professor Albert Branchadell (\u00abEl embrollo de la lengua vehicular\u00bb, <em>El Pa\u00eds<\/em>, <a href=\"http:\/\/elpais.com\/elpais\/2014\/02\/10\/opinion\/1392062464_093635.html\" target=\"_blank\">15.02.2014<\/a>) fa una reflexi\u00f3 sobre el contrast entre finalitat de la immersi\u00f3 ling\u00fc\u00edstica (establida en Catalunya) i les intencions dels qui la discutixen en els tribunals, que han acabat fent-ne una arma de pol\u00e8mica pol\u00edtica i no una pretensi\u00f3 de millora educativa. Tal com conclou l&#8217;article:<\/p>\n<blockquote><p>\nDeixar que el sistema evolucione d&#8217;esta manera natural sembla m\u00e9s recomanable que modificar a colp de resolucions judicials inspirades en \u00faltima inst\u00e0ncia en la nefasta sent\u00e8ncia del Tribunal Constitucional sobre l&#8217;Estatut de Catalunya.\n<\/p><\/blockquote>\n<p>En el mateix diari (\u00abAbajo el nacionalismo ling\u00fc\u00edstico\u00bb, <a href=\"http:\/\/ccaa.elpais.com\/ccaa\/2014\/02\/14\/catalunya\/1392408973_422417.html\" target=\"_blank\">edici\u00f3 per a Catalunya<\/a>), Xavier Vidal-Folch destaca el perill d&#8217;eixe nacionalisme espanyol excloent de lleng\u00fces i cultures i proposa un cam\u00ed diferent:<\/p>\n<blockquote><p>\nDoncs b\u00e9, nom\u00e9s una irrupci\u00f3 semblant, decidida, cont\u00ednua, inassequible al des\u00e0nim i intransigent amb la pr\u00f2pia fatiga i amb les temptacions a l&#8217;escapisme centr\u00edfug pot aconseguir hui una cosa semblant en l&#8217;\u00e0mbit de les lleng\u00fces: un mercat cultural intern basat en la riquesa d&#8217;idiomes diversos, i \u00e0mpliament cooficials, no nom\u00e9s en els seus racons. De forma similar al que passa a Su\u00efssa. En aix\u00f2 s\u00ed que \u00e9s admirable.\n<\/p><\/blockquote>\n<p>En el fons, una noteta del mateix diari (\u00abUna salida a bolsa con folleto en ingl\u00e9s\u00bb, 16.02.2014) deixava caure una idea segurament m\u00e9s beneficiosa en la concepci\u00f3 de l&#8217;\u00fas de les lleng\u00fces (i que al Pa\u00eds Valenci\u00e0 els poders econ\u00f2mics i socials podrien practicar m\u00e9s):<\/p>\n<blockquote><p>\nEst\u00e0 clar que [l&#8217;angl\u00e9s] \u00e9s l&#8217;idioma dels negocis i que els inversors institucionals als quals va dirigida l&#8217;oferta el preferixen en eixe idioma, per\u00f2 res no impedia que el fullet de la firma, que a m\u00e9s \u00e9s una closca buida que el que fa \u00e9s demanar 400 milions per a despr\u00e9s invertir-los en el mercat immobiliari, estiguera tamb\u00e9 en espanyol.\n<\/p><\/blockquote>\n","protected":false},"excerpt":{"rendered":"<p>El professor Albert Branchadell (\u00abEl embrollo de la lengua vehicular\u00bb, El Pa\u00eds, 15.02.2014) fa una reflexi\u00f3 sobre el contrast entre finalitat de la immersi\u00f3 ling\u00fc\u00edstica (establida en Catalunya) i les intencions dels qui la discutixen en els tribunals, que han acabat fent-ne una arma de pol\u00e8mica pol\u00edtica i no una pretensi\u00f3 de millora educativa. Tal [&hellip;]<\/p>\n","protected":false},"author":2,"featured_media":0,"comment_status":"open","ping_status":"open","sticky":false,"template":"","format":"standard","meta":{"footnotes":""},"categories":[36,45,1,47,19,27],"tags":[164,381],"class_list":["post-2840","post","type-post","status-publish","format-standard","hentry","category-allofobia","category-ensenyament","category-general","category-planificacio","category-politica","category-sociolinguistica","tag-educacio","tag-premsa"],"_links":{"self":[{"href":"https:\/\/www.cdlpv.org\/dtl\/wp-json\/wp\/v2\/posts\/2840","targetHints":{"allow":["GET"]}}],"collection":[{"href":"https:\/\/www.cdlpv.org\/dtl\/wp-json\/wp\/v2\/posts"}],"about":[{"href":"https:\/\/www.cdlpv.org\/dtl\/wp-json\/wp\/v2\/types\/post"}],"author":[{"embeddable":true,"href":"https:\/\/www.cdlpv.org\/dtl\/wp-json\/wp\/v2\/users\/2"}],"replies":[{"embeddable":true,"href":"https:\/\/www.cdlpv.org\/dtl\/wp-json\/wp\/v2\/comments?post=2840"}],"version-history":[{"count":2,"href":"https:\/\/www.cdlpv.org\/dtl\/wp-json\/wp\/v2\/posts\/2840\/revisions"}],"predecessor-version":[{"id":2842,"href":"https:\/\/www.cdlpv.org\/dtl\/wp-json\/wp\/v2\/posts\/2840\/revisions\/2842"}],"wp:attachment":[{"href":"https:\/\/www.cdlpv.org\/dtl\/wp-json\/wp\/v2\/media?parent=2840"}],"wp:term":[{"taxonomy":"category","embeddable":true,"href":"https:\/\/www.cdlpv.org\/dtl\/wp-json\/wp\/v2\/categories?post=2840"},{"taxonomy":"post_tag","embeddable":true,"href":"https:\/\/www.cdlpv.org\/dtl\/wp-json\/wp\/v2\/tags?post=2840"}],"curies":[{"name":"wp","href":"https:\/\/api.w.org\/{rel}","templated":true}]}}