{"id":2836,"date":"2014-02-18T09:51:27","date_gmt":"2014-02-18T09:51:27","guid":{"rendered":"http:\/\/www.cdlpv.org\/dtl\/?p=2836"},"modified":"2015-09-23T09:59:53","modified_gmt":"2015-09-23T09:59:53","slug":"criteris-politics-i-filologics","status":"publish","type":"post","link":"https:\/\/www.cdlpv.org\/dtl\/2014\/02\/18\/criteris-politics-i-filologics\/","title":{"rendered":"Criteris pol\u00edtics i filol\u00f2gics"},"content":{"rendered":"<p>S&#8217;ha llan\u00e7at una iniciativa pol\u00edtica a Fran\u00e7a que pret\u00e9n que l&#8217;estat ratifique la Carta europea de les lleng\u00fces regionals o minorit\u00e0ries, segons detalla Eneritz Zabaleta en el bloc de la Revista de Llengua i Dret (<a href=\"http:\/\/blocs.gencat.cat\/blocs\/AppPHP\/eapc-rld\/2014\/02\/13\/la-france-entame-la-procedure-de-ratification-de-la-charte-europeenne-des-langues-regionales-ou-minoritaires-eneritz-zabaleta\/\" target=\"_blank\">13.02.2014<\/a>). L&#8217;article adjunta un <a href=\"http:\/\/blocs.gencat.cat\/blocs\/AppPHP\/eapc-rld\/files\/2014\/02\/mapa-llengues.jpg\" target=\"_blank\">mapa<\/a> informatiu sobre la situaci\u00f3 de les lleng\u00fces a Fran\u00e7a. \u00c9s una iniciativa que tindr\u00e0 un recorregut dubt\u00f3s, jur\u00eddicament i legalment.<\/p>\n<p>En Fran\u00e7a hi ha qui prova de millorar la situaci\u00f3 dels parlants de diverses lleng\u00fces del pa\u00eds. Per ac\u00ed, per contra, la situaci\u00f3 de les lleng\u00fces oficials \u00e9s millor que a Fran\u00e7a, per\u00f2 una part del poder pol\u00edtic continua provant de reduir l&#8217;abast i l&#8217;\u00fas del valenci\u00e0. En relaci\u00f3 amb els dubtes jur\u00eddics i legislatius suscitats al voltant de la capacitat dels valencians per a denominar una de les seues lleng\u00fces, el company Alfons Esteve (de la Universitat de Val\u00e8ncia) ha fet una primera an\u00e0lisi del dictamen del Consell Jur\u00eddic Consultiu valenci\u00e0. Podem concloure amb ell (<em>La Veu del Pa\u00eds Valenci\u00e0,<\/em> <a href=\"http:\/\/www.laveupv.com\/noticia\/7714\/\" target=\"_blank\">17.02.2014<\/a>):<\/p>\n<blockquote><p>\nRas i curt: que un diccionari normatiu no pot tenir en compte els criteris filol\u00f2gics quan fa definicions i que l\u2019<span class=\"versaleta\">avl<\/span>, com a entitat ling\u00fc\u00edstica de refer\u00e8ncia oficial, no pot definir res que ultrapasse l\u2019\u00e0mbit territorial valenci\u00e0. Si aix\u00f2 \u00e9s un \u00abdictamen jur\u00eddic\u00bb, el <span class=\"versaleta\">cjc<\/span>, a banda de cobrir-se de gl\u00f2ria, caldr\u00e0 que recomane a l\u2019<span class=\"versaleta\">avl<\/span> que canvie tamb\u00e9 la definici\u00f3 de <em>dictamen<\/em> i de <em>jur\u00eddic<\/em>.\n<\/p><\/blockquote>\n","protected":false},"excerpt":{"rendered":"<p>S&#8217;ha llan\u00e7at una iniciativa pol\u00edtica a Fran\u00e7a que pret\u00e9n que l&#8217;estat ratifique la Carta europea de les lleng\u00fces regionals o minorit\u00e0ries, segons detalla Eneritz Zabaleta en el bloc de la Revista de Llengua i Dret (13.02.2014). L&#8217;article adjunta un mapa informatiu sobre la situaci\u00f3 de les lleng\u00fces a Fran\u00e7a. \u00c9s una iniciativa que tindr\u00e0 un [&hellip;]<\/p>\n","protected":false},"author":2,"featured_media":0,"comment_status":"open","ping_status":"open","sticky":false,"template":"","format":"standard","meta":{"footnotes":""},"categories":[38,4,1,16,17,19,27],"tags":[213,412],"class_list":["post-2836","post","type-post","status-publish","format-standard","hentry","category-avl","category-dret","category-general","category-lexicografia","category-normativa","category-politica","category-sociolinguistica","tag-franca","tag-ressenyes"],"_links":{"self":[{"href":"https:\/\/www.cdlpv.org\/dtl\/wp-json\/wp\/v2\/posts\/2836","targetHints":{"allow":["GET"]}}],"collection":[{"href":"https:\/\/www.cdlpv.org\/dtl\/wp-json\/wp\/v2\/posts"}],"about":[{"href":"https:\/\/www.cdlpv.org\/dtl\/wp-json\/wp\/v2\/types\/post"}],"author":[{"embeddable":true,"href":"https:\/\/www.cdlpv.org\/dtl\/wp-json\/wp\/v2\/users\/2"}],"replies":[{"embeddable":true,"href":"https:\/\/www.cdlpv.org\/dtl\/wp-json\/wp\/v2\/comments?post=2836"}],"version-history":[{"count":3,"href":"https:\/\/www.cdlpv.org\/dtl\/wp-json\/wp\/v2\/posts\/2836\/revisions"}],"predecessor-version":[{"id":2839,"href":"https:\/\/www.cdlpv.org\/dtl\/wp-json\/wp\/v2\/posts\/2836\/revisions\/2839"}],"wp:attachment":[{"href":"https:\/\/www.cdlpv.org\/dtl\/wp-json\/wp\/v2\/media?parent=2836"}],"wp:term":[{"taxonomy":"category","embeddable":true,"href":"https:\/\/www.cdlpv.org\/dtl\/wp-json\/wp\/v2\/categories?post=2836"},{"taxonomy":"post_tag","embeddable":true,"href":"https:\/\/www.cdlpv.org\/dtl\/wp-json\/wp\/v2\/tags?post=2836"}],"curies":[{"name":"wp","href":"https:\/\/api.w.org\/{rel}","templated":true}]}}