{"id":2833,"date":"2014-02-13T19:14:31","date_gmt":"2014-02-13T19:14:31","guid":{"rendered":"http:\/\/www.cdlpv.org\/dtl\/?p=2833"},"modified":"2015-09-23T09:53:09","modified_gmt":"2015-09-23T09:53:09","slug":"la-llengua-propia-del-consell-juridic-consultiu","status":"publish","type":"post","link":"https:\/\/www.cdlpv.org\/dtl\/2014\/02\/13\/la-llengua-propia-del-consell-juridic-consultiu\/","title":{"rendered":"La llengua pr\u00f2pia del Consell Jur\u00eddic Consultiu"},"content":{"rendered":"<p>Davant de l&#8217;intent demag\u00f2gic i temerari del govern valenci\u00e0 d&#8217;Alberto Fabra Part &mdash;que parlant en castell\u00e0 \u00e9s capa\u00e7 d&#8217;assegurar que \u00abhablamos en valenciano\u00bb&mdash; de problematitzar de nou el valenci\u00e0 arran de l&#8217;aparici\u00f3 del Diccionari normatiu valenci\u00e0 de l&#8217;<span class=\"versaleta\">avl<\/span>, fent servir incl\u00fas el Consell Jur\u00eddic Consultiu <span class=\"versaleta\">(cjc)<\/span> com a instrument partidista al servei del Partit Popular &mdash;aix\u00f2 ha dut la instituci\u00f3 a fer botiges jur\u00eddiques contra el &laquo;sentit com\u00fa&raquo; sense saber ben b\u00e9 si fea nominalisme, socioling\u00fc\u00edstica o lexicografia, com es pot llegir en el <a href=\"http:\/\/portales.gva.es\/cjccv\/valencia\/Dic057-14.pdf#pagemode=none\">dictamen<\/a>&mdash;, Acci\u00f3 Cultural del Pa\u00eds Valenci\u00e0 li ha demanat al <span class=\"versaleta\">cjc<\/span> un poc d&#8217;acatament i de reflexi\u00f3 tant en l&#8217;\u00e0mbit jur\u00eddic com en el ling\u00fc\u00edstic. Segons informen en el seu web (<a href=\"http:\/\/www.acpv.cat\/web\/actualitat\/accio-cultural-demana-al-consell-juridic-lacatament-dels-dictamens-filologics-i-de-les-sentencies-sobre-la-llengua\" target=\"_blank\">11.02.2014<\/a>):<\/p>\n<blockquote>\n<h2>Acci\u00f3 Cultural demana al Consell Jur\u00eddic l\u2019acatament dels dict\u00e0mens filol\u00f2gics i de les sent\u00e8ncies sobre la llengua<\/h2>\n<p>Toni Gisbert, secretari d\u2019Acci\u00f3 Cultural del Pa\u00eds Valenci\u00e0; Francesc Esteve, t\u00e8cnic ling\u00fc\u00edstic i membre de la Secci\u00f3 de Pol\u00edtica Ling\u00fc\u00edstica d\u2019ACPV; i Mois\u00e8s Vizcaino, advocat, han lliurat al Consell Jur\u00eddic Consultiu un extens document amb l\u2019exposici\u00f3 detallada de les fonts d\u2019autoritat filol\u00f2gica i jur\u00eddica que avalen la unitat de la llengua i la legalitat de la denominaci\u00f3 de \u00abcatal\u00e0\u00bb.\n<\/p><\/blockquote>\n<p>Enllacem <a href=\"http:\/\/www.acpv.cat\/web\/images\/stories\/arxius\/document-consell-juridic-consultiu-2014-02-11.pdf\" target=\"_blank\">ac\u00ed<\/a> el document lliurat al <span class=\"versaleta\">cjc<\/span>.<\/p>\n","protected":false},"excerpt":{"rendered":"<p>Davant de l&#8217;intent demag\u00f2gic i temerari del govern valenci\u00e0 d&#8217;Alberto Fabra Part &mdash;que parlant en castell\u00e0 \u00e9s capa\u00e7 d&#8217;assegurar que \u00abhablamos en valenciano\u00bb&mdash; de problematitzar de nou el valenci\u00e0 arran de l&#8217;aparici\u00f3 del Diccionari normatiu valenci\u00e0 de l&#8217;avl, fent servir incl\u00fas el Consell Jur\u00eddic Consultiu (cjc) com a instrument partidista al servei del Partit Popular [&hellip;]<\/p>\n","protected":false},"author":2,"featured_media":0,"comment_status":"open","ping_status":"open","sticky":false,"template":"","format":"standard","meta":{"footnotes":""},"categories":[4,1,14,19,27],"tags":[48],"class_list":["post-2833","post","type-post","status-publish","format-standard","hentry","category-dret","category-general","category-jurisprudencia","category-politica","category-sociolinguistica","tag-acpv"],"_links":{"self":[{"href":"https:\/\/www.cdlpv.org\/dtl\/wp-json\/wp\/v2\/posts\/2833","targetHints":{"allow":["GET"]}}],"collection":[{"href":"https:\/\/www.cdlpv.org\/dtl\/wp-json\/wp\/v2\/posts"}],"about":[{"href":"https:\/\/www.cdlpv.org\/dtl\/wp-json\/wp\/v2\/types\/post"}],"author":[{"embeddable":true,"href":"https:\/\/www.cdlpv.org\/dtl\/wp-json\/wp\/v2\/users\/2"}],"replies":[{"embeddable":true,"href":"https:\/\/www.cdlpv.org\/dtl\/wp-json\/wp\/v2\/comments?post=2833"}],"version-history":[{"count":2,"href":"https:\/\/www.cdlpv.org\/dtl\/wp-json\/wp\/v2\/posts\/2833\/revisions"}],"predecessor-version":[{"id":2835,"href":"https:\/\/www.cdlpv.org\/dtl\/wp-json\/wp\/v2\/posts\/2833\/revisions\/2835"}],"wp:attachment":[{"href":"https:\/\/www.cdlpv.org\/dtl\/wp-json\/wp\/v2\/media?parent=2833"}],"wp:term":[{"taxonomy":"category","embeddable":true,"href":"https:\/\/www.cdlpv.org\/dtl\/wp-json\/wp\/v2\/categories?post=2833"},{"taxonomy":"post_tag","embeddable":true,"href":"https:\/\/www.cdlpv.org\/dtl\/wp-json\/wp\/v2\/tags?post=2833"}],"curies":[{"name":"wp","href":"https:\/\/api.w.org\/{rel}","templated":true}]}}