{"id":283,"date":"2008-01-14T10:16:26","date_gmt":"2008-01-14T09:16:26","guid":{"rendered":"http:\/\/www.cdlpv.org\/dtl\/?p=283"},"modified":"2008-01-14T10:16:26","modified_gmt":"2008-01-14T09:16:26","slug":"avantatges-intel%c2%b7lectuals-de-coneixer-idiomes","status":"publish","type":"post","link":"https:\/\/www.cdlpv.org\/dtl\/2008\/01\/14\/avantatges-intel%c2%b7lectuals-de-coneixer-idiomes\/","title":{"rendered":"Avantatges intel\u00b7lectuals de con\u00e9ixer idiomes"},"content":{"rendered":"<p>Els pol\u00edtics haurien de tindre prohibit apel\u00b7lar a la irracionalitat. De moment, \u00e9s legal fer-ho. Per sort, ara no ha segut de la demostraci\u00f3 de la superioritat d&#8217;una ra\u00e7a espanyola o dels trets gen\u00e8tics o fison\u00f2mics dels lladres i assassins, on tamb\u00e9 trobar\u00edem cient\u00edfics disposats a combregar-hi i aportar llibres i dades. El senyor Aznar L\u00f3pez nom\u00e9s l&#8217;ha feta servir (la llengua espanyola, la seua senya d&#8217;identitat) per a alimentar la confusi\u00f3 sobre la imposici\u00f3 de l&#8217;espanyol a Espanya (implantada molt <a href=\"http:\/\/www.cdlpv.org\/Fitxes\/Textos\/C\/castella.htm\" target=\"_blank\">abans<\/a> de la Constituci\u00f3, per cert) i per a exaltar un victimisme fal\u00b7la\u00e7 dels espanyols que no volen saber res m\u00e9s que espanyol i que defenen el seu dret a la ignor\u00e0ncia (i a menysprear els altres).<\/p>\n<p>D&#8217;altra banda, i per a gaudi de valencians patrioters, ha def\u00e9s de passada el model de pol\u00edtica ling\u00fc\u00edstica de Francisco Camps (gens l\u00edder ni pioner en esta ocasi\u00f3), consistent a implantar una subordinaci\u00f3 \u2014m\u00e9s o menys ineficient: la mala idea no garantix l&#8217;\u00e8xit\u2014 que imposa als catalanoparlants el deure de fer sempre una manifestaci\u00f3 de milit\u00e0ncia ling\u00fc\u00edstica si volen fer \u00fas dels seus drets.<\/p>\n<p>Naturalment, si els experts cient\u00edfics mostren dades, estudis i un acord bastant general sobre la millor manera d&#8217;aprendre lleng\u00fces, els avantatges socials i personals que aporta con\u00e9ixer diversos idiomes, els beneficis que reporta eixa activitat en la prevenci\u00f3 de malalties degeneratives i en la millora de la capacitat intel\u00b7lectual, podr\u00edem concloure que Aznar L\u00f3pez est\u00e0 interessat, per algun motiu que nom\u00e9s ell coneix amb certesa, en aconseguir tot el contrari per als ciutadans espanyols.<\/p>\n<p>En realitat, mentres els seus pronunciaments ens inciten a l&#8217;activitat intel\u00b7lectual, aix\u00f2 ha de ser indubtablement positiu. Gr\u00e0cies, doncs.<\/p>\n<p>La not\u00edcia del diari <em>El Pa\u00eds<\/em> (<a href=\"http:\/\/www.elpais.com\/articulo\/espana\/Aznar\/llama\/combatir\/politica\/linguistica\/Cataluna\/elpepiesp\/20080113elpepinac_8\/Tes\" target=\"_blank\">13.01.2008<\/a>; l&#8217;hem tradu\u00efda amb l&#8217;ajuda de l&#8217;Internostrum) \u00e9s la seg\u00fcent:<\/p>\n<blockquote>\n<h2>Aznar crida a combatre la pol\u00edtica ling\u00fc\u00edstica de Catalunya<\/h2>\n<h5>Miquel Noguer &#8211; Barcelona &#8211; 13.01.2008<\/h5>\n<p>Jos\u00e9 Mar\u00eda Aznar va acudir ahir a auxiliar al <span class=\"versaleta\">pp<\/span> catal\u00e0 en el seu cos a cos amb Ciutadans pel vot dels contraris a la pol\u00edtica ling\u00fc\u00edstica de la Generalitat. De \u00abgreu problema per a la llibertat\u00bb va qualificar l&#8217;expresident l&#8217;actual model ling\u00fc\u00edstic de Catalunya, on el catal\u00e0 \u00e9s l&#8217;idioma vehicular en l&#8217;escola. Va alertar de la reforma legislativa que prepara el govern aut\u00f2nom per a refor\u00e7ar el paper del catal\u00e0 en l&#8217;educaci\u00f3. \u00abL&#8217;objecte d&#8217;eixa revisi\u00f3 no \u00e9s altre que incorporar a les pol\u00edtiques ling\u00fc\u00edstiques en estes comunitats nova dosis de coacci\u00f3\u00bb. Per este motiu l&#8217;expresident cridava els ciutadans a \u00abcriticar\u00bb i a \u00abdenunciar\u00bb esta situaci\u00f3.<\/p>\n<p>Aznar va presentar <em>\u00bfLibertad o coacci\u00f3n?<\/em>, un llibre de la fundaci\u00f3 <span class=\"versaleta\">faes<\/span>, que presidix, i que carrega contra els models de normalitzaci\u00f3 ling\u00fc\u00edstica de Catalunya, Pa\u00eds Basc i, en menor mesura, de Gal\u00edcia. Defensa, en canvi, els models aplicats a la Comunitat Valenciana i a Navarra, ambdues amb presidents conservadors. Aznar va qualificar d&#8217;\u00abenemics de la llibertat\u00bb els defensors de la immersi\u00f3 ling\u00fc\u00edstica en catal\u00e0.<\/p>\n<p>El Partit Popular catal\u00e0 torna a enarborar la bandera del castell\u00e0 despr\u00e9s d&#8217;uns anys en els quals el seu expresident Josep Piqu\u00e9 va evitar atiar el conflicte ling\u00fc\u00edstic. El nou president imposat per Mariano Rajoy, Daniel Sirera, tracta de recuperar el pols. No obstant aix\u00f2, part del seu espai pol\u00edtic se l&#8217;ha menjat Ciutadans, partit que va assolir tres escons en les \u00faltimes eleccions catalanes a for\u00e7a de denunciar la \u00abpersecuci\u00f3\u00bb del castell\u00e0 a Catalunya.<\/p>\n<p>L&#8217;estrat\u00e8gia del <span class=\"versaleta\">pp<\/span> per a combatre a Ciutadans ha estat la d&#8217;atraure&#8217;s a alguns dels seus membres fundadors. A trav\u00e9s de <span class=\"versaleta\">faes<\/span> i de la branca catalana de la fundaci\u00f3, Catalunya Futur, ha fitxat a l&#8217;escriptor Xavier Pericay, coordinador del llibre que ahir va presentar Aznar. La fundaci\u00f3 tamb\u00e9 ha incorporat a Maite Nolla, ex portaveu de Ciutadans. Este fitxatge va motivar la seua expulsi\u00f3 de l&#8217;executiva.\n<\/p><\/blockquote>\n<p>El mateix diari ens proporciona <a href=\"http:\/\/www.elpais.com\/articulo\/cataluna\/CiU\/ICV\/replican\/critica\/Aznar\/politica\/linguistica\/elpepuespcat\/20080114elpcat_10\/Tes\" target=\"_blank\">l&#8217;endem\u00e0<\/a> la resposta pol\u00edtica de <span class=\"versaleta\">ciu<\/span> i <span class=\"versaleta\">icv<\/span>:<\/p>\n<blockquote>\n<h2><span class=\"versaleta\">ciu<\/span> i <span class=\"versaleta\">icv<\/span> repliquen la cr\u00edtica d&#8217;Aznar a la pol\u00edtica ling\u00fc\u00edstica<\/h2>\n<h3>Duran i Herrera rebutgen que es discrimine el castell\u00e0<\/h3>\n<h5><em>El Pa\u00eds<\/em> &#8211; Barcelona &#8211; 14\/01\/2008<\/h5>\n<p>Les reaccions a les declaracions de l&#8217;expresident del govern central Jos\u00e9 Mar\u00eda Aznar, que va qualificar el dissabte a Barcelona l&#8217;actual model ling\u00fc\u00edstic catal\u00e0 de \u00abgreu problema per a la llibertat\u00bb, no van tardar a apar\u00e9ixer. Els candidats al Congr\u00e9s dels Diputats de <span class=\"versaleta\">ciu<\/span>, Josep Antoni Duran Lleida, i <span class=\"versaleta\">icv-euia<\/span>, Joan Herrera, van arremetre ahir contra les declaracions de l&#8217;anterior l\u00edder del <span class=\"versaleta\">pp<\/span>.<\/p>\n<p>Duran va rebutjar que a Catalunya hi haja cap problema amb la llengua, i va recordar que \u00abl&#8217;\u00fanic lloc on no es pot utilitzar el catal\u00e0 \u00e9s al Congr\u00e9s i al Senat\u00bb. El l\u00edder democristi\u00e0 va lamentar Esta circumst\u00e0ncia, ja que va considerar que ambdues c\u00e0meres \u00abrepresenten a m\u00e9s la pluralitat cultural d&#8217;Espanya, quan en molts pa\u00efsos democr\u00e0ticament avan\u00e7ats les diferents lleng\u00fces s\u00f3n lleng\u00fces de treball\u00bb. Duran va recordar a Aznar que \u00absap que el catal\u00e0 \u00e9s la llengua de Catalunya i que el castell\u00e0 tamb\u00e9 hi \u00e9s llengua oficial\u00bb.<\/p>\n<p>Herrera va instar els partits catalans a comprometre&#8217;s a no pactar amb el  <span class=\"versaleta\">pp<\/span> despr\u00e9s dels comicis del <span class=\"versaleta\">9-m<\/span> per considerar que \u00e9s l&#8217;\u00fanica manera de defensar l&#8217;actual model ling\u00fc\u00edstic a Catalunya. El candidat ecosocialista va afirmar ahir que \u00e9s necessari crear un \u00abcord\u00f3 sanitari\u00bb per a evitar que el \u00abfals discurs sobre la situaci\u00f3 del castell\u00e0 a Catalunya impregne la societat espanyola\u00bb, va explicar en un comunicat que el partit va difondre ahir.<\/p>\n<p>El portaveu de la Comissi\u00f3 de Nous Catalanoparlants, Josep Anton Fern\u00e1ndez, va considerar \u00abtramp\u00f3s\u00bb el v\u00eddeo del <span class=\"versaleta\">pp<\/span> sobre el model ling\u00fc\u00edstic de les escoles, informa EuropaPress. Fern\u00e1ndez va assegurar que at\u00e9s que \u00abel catal\u00e0 \u00e9s m\u00e9s feble a Catalunya que el castell\u00e0\u00bb, la immersi\u00f3 ling\u00fc\u00edstica constitu\u00efx \u00abuna acci\u00f3 afirmativa necess\u00e0ria\u00bb en favor de l&#8217;idioma.<\/p>\n<p>Aznar va apostar dissabte per \u00abreformar\u00bb les pol\u00edtiques ling\u00fc\u00edstiques de les comunitats aut\u00f2nomes amb llengua pr\u00f2pia, especialment les del Pa\u00eds Basc i Catalunya. Aznar va titllar estos models d&#8217;\u00abinstruments de coacci\u00f3\u00bb contra els castellanoparlants durant la presentaci\u00f3 dissabte a Barcelona de <em>\u00bfLibertad o coacci\u00f3n?<\/em>, un llibre de la fundaci\u00f3 <span class=\"versaleta\">faes<\/span> que ell presidix.\n<\/p><\/blockquote>\n<hr \/>\n<ul>\n<li>Article relacionat: \u00ab<span class=\"versaleta\">tv3<\/span> y el <em>pancastellanismo<\/em>\u00bb de Francesc de P. Burguera (<em>El Pa\u00eds<\/em>, <a href=\"http:\/\/www.elpais.com\/articulo\/Comunidad\/Valenciana\/TV3\/pancastellanismo\/elpepuespval\/20080114elpval_9\/Tes\" target=\"_blank\">14.01.2008<\/a>).\n<\/ul>\n","protected":false},"excerpt":{"rendered":"<p>Els pol\u00edtics haurien de tindre prohibit apel\u00b7lar a la irracionalitat. De moment, \u00e9s legal fer-ho. Per sort, ara no ha segut de la demostraci\u00f3 de la superioritat d&#8217;una ra\u00e7a espanyola o dels trets gen\u00e8tics o fison\u00f2mics dels lladres i assassins, on tamb\u00e9 trobar\u00edem cient\u00edfics disposats a combregar-hi i aportar llibres i dades. El senyor Aznar [&hellip;]<\/p>\n","protected":false},"author":2,"featured_media":0,"comment_status":"open","ping_status":"open","sticky":false,"template":"","format":"standard","meta":{"footnotes":""},"categories":[36,4,1,47,19,27],"tags":[82,105,364],"class_list":["post-283","post","type-post","status-publish","format-standard","hentry","category-allofobia","category-dret","category-general","category-planificacio","category-politica","category-sociolinguistica","tag-burguera","tag-coaccio","tag-pericay"],"_links":{"self":[{"href":"https:\/\/www.cdlpv.org\/dtl\/wp-json\/wp\/v2\/posts\/283","targetHints":{"allow":["GET"]}}],"collection":[{"href":"https:\/\/www.cdlpv.org\/dtl\/wp-json\/wp\/v2\/posts"}],"about":[{"href":"https:\/\/www.cdlpv.org\/dtl\/wp-json\/wp\/v2\/types\/post"}],"author":[{"embeddable":true,"href":"https:\/\/www.cdlpv.org\/dtl\/wp-json\/wp\/v2\/users\/2"}],"replies":[{"embeddable":true,"href":"https:\/\/www.cdlpv.org\/dtl\/wp-json\/wp\/v2\/comments?post=283"}],"version-history":[{"count":0,"href":"https:\/\/www.cdlpv.org\/dtl\/wp-json\/wp\/v2\/posts\/283\/revisions"}],"wp:attachment":[{"href":"https:\/\/www.cdlpv.org\/dtl\/wp-json\/wp\/v2\/media?parent=283"}],"wp:term":[{"taxonomy":"category","embeddable":true,"href":"https:\/\/www.cdlpv.org\/dtl\/wp-json\/wp\/v2\/categories?post=283"},{"taxonomy":"post_tag","embeddable":true,"href":"https:\/\/www.cdlpv.org\/dtl\/wp-json\/wp\/v2\/tags?post=283"}],"curies":[{"name":"wp","href":"https:\/\/api.w.org\/{rel}","templated":true}]}}