{"id":2815,"date":"2014-01-22T14:40:58","date_gmt":"2014-01-22T14:40:58","guid":{"rendered":"http:\/\/www.cdlpv.org\/dtl\/?p=2815"},"modified":"2015-09-05T18:46:21","modified_gmt":"2015-09-05T18:46:21","slug":"lapagada-dels-mitjans-en-valencia","status":"publish","type":"post","link":"https:\/\/www.cdlpv.org\/dtl\/2014\/01\/22\/lapagada-dels-mitjans-en-valencia\/","title":{"rendered":"L&#8217;apagada dels mitjans en valenci\u00e0"},"content":{"rendered":"<p>Van tancar <span class=\"versaleta\">tv3<\/span>, despr\u00e9s l&#8217;<span class=\"versaleta\">rtvv<\/span> i ara li toca a Catalunya R\u00e0dio. El dirigents del Partit Popular espanyols i valencians han arrasat els mitjans d&#8217;informaci\u00f3 i comunicaci\u00f3 audiovisuals en valenci\u00e0 (veg. 324.cat, <a href=\"http:\/\/www.324.cat\/noticia\/2285213\/societat\/El-govern-espanyol-obliga-a-apagar-Catalunya-Informacio-i-Catalunya-Radio-al-Pais-Valencia\" target=\"_blank\">22.01.2014<\/a>): <\/p>\n<blockquote><p> El govern espanyol obliga a apagar Catalunya Informaci\u00f3 i Catalunya R\u00e0dio al Pa\u00eds Valenci\u00e0 [&#8230;] El govern espanyol ha obligat Acci\u00f3 Cultural del Pa\u00eds Valenci\u00e0 a tancar aquest mateix dimarts les emissions de Catalunya R\u00e0dio i Catalunya Informaci\u00f3 al Pa\u00eds Valenci\u00e0. La mateixa entitat ha afirmat <a href=\"http:\/\/www.acpv.cat\/web\/actualitat\/el-govern-espanyol-forca-a-accio-cultural-a-tancar-catalunya-radio-en-obrir-li-un-expedient-que-podria-acabar-amb-dues-multes-de-fins-a-un-milio-deuros\" target=\"_blank\">en un comunicat<\/a> que el Ministeri d&#8217;Ind\u00fastria els ha amena\u00e7at amb una sanci\u00f3 d&#8217;un mili\u00f3 d&#8217;euros si mantenen les emissions i que, davant de la notificaci\u00f3 del Ministeri d&#8217;Ind\u00fastria, que van rebre divendres passat, han decidit deixar inactius aquest mateix dimarts els repetidors. [&#8230;] <\/p><\/blockquote>\n<p> El seu gran \u00e8xit: la censura i la incomunicaci\u00f3.<\/p>\n","protected":false},"excerpt":{"rendered":"<p>Van tancar tv3, despr\u00e9s l&#8217;rtvv i ara li toca a Catalunya R\u00e0dio. El dirigents del Partit Popular espanyols i valencians han arrasat els mitjans d&#8217;informaci\u00f3 i comunicaci\u00f3 audiovisuals en valenci\u00e0 (veg. 324.cat, 22.01.2014): El govern espanyol obliga a apagar Catalunya Informaci\u00f3 i Catalunya R\u00e0dio al Pa\u00eds Valenci\u00e0 [&#8230;] El govern espanyol ha obligat Acci\u00f3 Cultural [&hellip;]<\/p>\n","protected":false},"author":2,"featured_media":0,"comment_status":"open","ping_status":"open","sticky":false,"template":"","format":"standard","meta":{"footnotes":""},"categories":[2,4,7,1,19],"tags":[313],"class_list":["post-2815","post","type-post","status-publish","format-standard","hentry","category-comunicacio","category-dret","category-empreses","category-general","category-politica","tag-mitjans-de-comunicacio"],"_links":{"self":[{"href":"https:\/\/www.cdlpv.org\/dtl\/wp-json\/wp\/v2\/posts\/2815","targetHints":{"allow":["GET"]}}],"collection":[{"href":"https:\/\/www.cdlpv.org\/dtl\/wp-json\/wp\/v2\/posts"}],"about":[{"href":"https:\/\/www.cdlpv.org\/dtl\/wp-json\/wp\/v2\/types\/post"}],"author":[{"embeddable":true,"href":"https:\/\/www.cdlpv.org\/dtl\/wp-json\/wp\/v2\/users\/2"}],"replies":[{"embeddable":true,"href":"https:\/\/www.cdlpv.org\/dtl\/wp-json\/wp\/v2\/comments?post=2815"}],"version-history":[{"count":1,"href":"https:\/\/www.cdlpv.org\/dtl\/wp-json\/wp\/v2\/posts\/2815\/revisions"}],"predecessor-version":[{"id":2816,"href":"https:\/\/www.cdlpv.org\/dtl\/wp-json\/wp\/v2\/posts\/2815\/revisions\/2816"}],"wp:attachment":[{"href":"https:\/\/www.cdlpv.org\/dtl\/wp-json\/wp\/v2\/media?parent=2815"}],"wp:term":[{"taxonomy":"category","embeddable":true,"href":"https:\/\/www.cdlpv.org\/dtl\/wp-json\/wp\/v2\/categories?post=2815"},{"taxonomy":"post_tag","embeddable":true,"href":"https:\/\/www.cdlpv.org\/dtl\/wp-json\/wp\/v2\/tags?post=2815"}],"curies":[{"name":"wp","href":"https:\/\/api.w.org\/{rel}","templated":true}]}}