{"id":2810,"date":"2014-01-06T14:29:10","date_gmt":"2014-01-06T12:29:10","guid":{"rendered":"http:\/\/www.cdlpv.org\/dtl\/?p=2810"},"modified":"2014-01-06T14:29:10","modified_gmt":"2014-01-06T12:29:10","slug":"leducacio-i-els-drets-linguistics","status":"publish","type":"post","link":"https:\/\/www.cdlpv.org\/dtl\/2014\/01\/06\/leducacio-i-els-drets-linguistics\/","title":{"rendered":"L&#8217;educaci\u00f3 i els drets ling\u00fc\u00edstics"},"content":{"rendered":"<p>A comen\u00e7ament de desembre de l&#8217;any passat els mitjans informavem de l&#8217;exist\u00e8ncia d&#8217;una nova plataforma c\u00edvica que arrancava amb un \u00abManifest pels drets ling\u00fc\u00edstics al Pa\u00eds Valenci\u00e0\u00bb (<em>Vilaweb,<\/em> <a href=\"http:\/\/www.vilaweb.cat\/noticia\/4160121\/20131204\/neix-nova-plataforma-defensa-drets-linguistics-valencians.html\" target=\"_blank\">04.12.2013<\/a>) :<\/p>\n<blockquote>\n<h2>Neix una nova plataforma en defensa dels drets ling\u00fc\u00edstics dels valencians<\/h2>\n<h3>Exigeix respecte a la pluralitat ling\u00fc\u00edstica &bull; Estableix una jornada anual per denunciar vulneracions i crea un protocol d&#8217;actuaci\u00f3 davant d&#8217;agressions<\/h3>\n<p>Una plataforma integrada per una vintena d&#8217;entitats, sindicats i partits del Pa\u00eds Valenci\u00e0 ha declarat el 4 de desembre com el Dia dels Drets ling\u00fc\u00edstics. Avui han presentat aquesta jornada, com un dia per defensar l&#8217;\u00fas de la llengua i fer visible les vulneracions dels drets ling\u00fc\u00edstics que pateixen els ciutadans. En un acte davant la delegaci\u00f3 del govern espanyol, representants de la plataforma han llegit un manifest i han lliurat un document explicitant les vulneracions. Tamb\u00e9 han presentat el document \u00abQu\u00e8 cal fer davant d&#8217;una agressi\u00f3 ling\u00fc\u00edstica?\u00bb, un protocol d&#8217;actuaci\u00f3 davant les vulneracions dels drets ling\u00fc\u00edstics en l&#8217;\u00e0mbit privat i p\u00fablic.\n<\/p><\/blockquote>\n<p>I l&#8217;any acaba amb la not\u00edcia ja habitual de l&#8217;anu&#320;laci\u00f3 d&#8217;una disposici\u00f3 de la Generalitat valenciana que, com tamb\u00e9 \u00e9s habitual, deteriorava els drets ling\u00fc\u00edstics i l&#8217;acc\u00e9s al coneiximent i l&#8217;\u00fas del valenci\u00e0. En este cas es tractava d&#8217;una ordre de Font de Mora Tur\u00f3n, antic conseller d&#8217;educaci\u00f3 i actual vicepresident de les Corts Valencianes (<em>Levante,<\/em> <a href=\"http:\/\/www.levante-emv.com\/comunitat-valenciana\/2013\/12\/28\/tsj-cierra-puerta-padres-o\/1063769.html\" target=\"_blank\">28.12.2013<\/a>):<\/p>\n<blockquote>\n<h2>El TSJ cierra la puerta a que los padres o alumnos elijan en qu\u00e9 lengua se examinan<\/h2>\n<h3>Escola Valenciana, que inst\u00f3 el recurso, pide a Catal\u00e1 que se aplique la sentencia tambi\u00e9n en la concertada<\/h3>\n<\/blockquote>\n","protected":false},"excerpt":{"rendered":"<p>A comen\u00e7ament de desembre de l&#8217;any passat els mitjans informavem de l&#8217;exist\u00e8ncia d&#8217;una nova plataforma c\u00edvica que arrancava amb un \u00abManifest pels drets ling\u00fc\u00edstics al Pa\u00eds Valenci\u00e0\u00bb (Vilaweb, 04.12.2013) : Neix una nova plataforma en defensa dels drets ling\u00fc\u00edstics dels valencians Exigeix respecte a la pluralitat ling\u00fc\u00edstica &bull; Estableix una jornada anual per denunciar vulneracions [&hellip;]<\/p>\n","protected":false},"author":2,"featured_media":0,"comment_status":"open","ping_status":"open","sticky":false,"template":"","format":"standard","meta":{"footnotes":""},"categories":[4,45,10,1,14,27],"tags":[183,435],"class_list":["post-2810","post","type-post","status-publish","format-standard","hentry","category-dret","category-ensenyament","category-formacio","category-general","category-jurisprudencia","category-sociolinguistica","tag-escola-valenciana","tag-sentencies"],"_links":{"self":[{"href":"https:\/\/www.cdlpv.org\/dtl\/wp-json\/wp\/v2\/posts\/2810","targetHints":{"allow":["GET"]}}],"collection":[{"href":"https:\/\/www.cdlpv.org\/dtl\/wp-json\/wp\/v2\/posts"}],"about":[{"href":"https:\/\/www.cdlpv.org\/dtl\/wp-json\/wp\/v2\/types\/post"}],"author":[{"embeddable":true,"href":"https:\/\/www.cdlpv.org\/dtl\/wp-json\/wp\/v2\/users\/2"}],"replies":[{"embeddable":true,"href":"https:\/\/www.cdlpv.org\/dtl\/wp-json\/wp\/v2\/comments?post=2810"}],"version-history":[{"count":0,"href":"https:\/\/www.cdlpv.org\/dtl\/wp-json\/wp\/v2\/posts\/2810\/revisions"}],"wp:attachment":[{"href":"https:\/\/www.cdlpv.org\/dtl\/wp-json\/wp\/v2\/media?parent=2810"}],"wp:term":[{"taxonomy":"category","embeddable":true,"href":"https:\/\/www.cdlpv.org\/dtl\/wp-json\/wp\/v2\/categories?post=2810"},{"taxonomy":"post_tag","embeddable":true,"href":"https:\/\/www.cdlpv.org\/dtl\/wp-json\/wp\/v2\/tags?post=2810"}],"curies":[{"name":"wp","href":"https:\/\/api.w.org\/{rel}","templated":true}]}}