{"id":280,"date":"2008-01-10T20:40:15","date_gmt":"2008-01-10T19:40:15","guid":{"rendered":"http:\/\/www.cdlpv.org\/dtl\/?p=280"},"modified":"2008-01-10T20:40:15","modified_gmt":"2008-01-10T19:40:15","slug":"280","status":"publish","type":"post","link":"https:\/\/www.cdlpv.org\/dtl\/2008\/01\/10\/280\/","title":{"rendered":"Catorzena sent\u00e8ncia que avala la titulaci\u00f3 de filologia catalana en les oposicions"},"content":{"rendered":"<p>Alfons Esteve ens informa que hi ha una catorzena <a href=\"http:\/\/www.geocities.com\/golls.geo\/Legis\/Sentencies\/STSJ1233-2007\/STSJ1233-2007.html\" target=\"_blank\">sent\u00e8ncia <\/a>que reconeix l&#8217;adequaci\u00f3 de la titulaci\u00f3 de filologia catalana com a titulaci\u00f3 que garantix la capacitaci\u00f3 en valenci\u00e0. Ens tramet la nota de premsa de l&#8217;<span class=\"versaleta\"><a href=\"http:\/\/www.intersindical.org\/stepv\/polival\/polival.html\" target=\"_blank\">stepv<\/a><\/span>, el sindicat que havia interposat el recurs:<\/p>\n<blockquote><p>\nEl Tribunal Superior de Just\u00edcia valenci\u00e0 torna a recon\u00e8ixer el t\u00edtol de Filologia Catalana i la denominaci\u00f3 de catal\u00e0 en la que fa catorze sent\u00e8ncies<\/p>\n<p>L\u2019STEPV-Iv ha tornat a guanyar un recurs contra les ordres de la Conselleria de Cultura, Educaci\u00f3 i Esports de 13 de mar\u00e7 de 2006 que no reconeixien la titulaci\u00f3 de Filologia Catalana per acreditar el coneixement de valenci\u00e0 en les oposicions als cossos de mestres i professors de prim\u00e0ria i secund\u00e0ria.<\/p>\n<p>El Tribunal Superior de Just\u00edcia valenci\u00e0, en una sent\u00e8ncia pr\u00e0cticament id\u00e8ntica a la que fa un parell de dies havien donat a con\u00e8ixer les Universitats de Val\u00e8ncia i Alacant, seguint els arguments del Tribunal Constitucional (sent\u00e8ncia 75\/1997, de 21 d\u2019abril), ha desautoritzat novament el Govern Valenci\u00e0 en la seua pretensi\u00f3 d\u2019insistir en el reconeixement de la doble denominaci\u00f3 de valenci\u00e0 i catal\u00e0 per al nom de la llengua pr\u00f2pia. Amb aquesta, ja en s\u00f3n 14 les sent\u00e8ncies consecutives del Tribunal Superior de Just\u00edcia valenci\u00e0.<\/p>\n<p>De moment, la Generalitat Valenciana, tot i que les sent\u00e8ncies s\u00f3n d\u2019obligat [compliment] per a tothom, i molt especialment, per als poders p\u00fablics, no les ha acatades i any rere any des de 2004, data de la primera sent\u00e8ncia, ignora i vulnera aquests manaments judicials.\n<\/p><\/blockquote>\n","protected":false},"excerpt":{"rendered":"<p>Alfons Esteve ens informa que hi ha una catorzena sent\u00e8ncia que reconeix l&#8217;adequaci\u00f3 de la titulaci\u00f3 de filologia catalana com a titulaci\u00f3 que garantix la capacitaci\u00f3 en valenci\u00e0. Ens tramet la nota de premsa de l&#8217;stepv, el sindicat que havia interposat el recurs: El Tribunal Superior de Just\u00edcia valenci\u00e0 torna a recon\u00e8ixer el t\u00edtol de [&hellip;]<\/p>\n","protected":false},"author":2,"featured_media":0,"comment_status":"open","ping_status":"open","sticky":false,"template":"","format":"standard","meta":{"footnotes":""},"categories":[1,14,47,19,24],"tags":[109,203,341,435],"class_list":["post-280","post","type-post","status-publish","format-standard","hentry","category-general","category-jurisprudencia","category-planificacio","category-politica","category-requisit-linguistic","tag-concursos","tag-filologia-catalana","tag-oposicions","tag-sentencies"],"_links":{"self":[{"href":"https:\/\/www.cdlpv.org\/dtl\/wp-json\/wp\/v2\/posts\/280","targetHints":{"allow":["GET"]}}],"collection":[{"href":"https:\/\/www.cdlpv.org\/dtl\/wp-json\/wp\/v2\/posts"}],"about":[{"href":"https:\/\/www.cdlpv.org\/dtl\/wp-json\/wp\/v2\/types\/post"}],"author":[{"embeddable":true,"href":"https:\/\/www.cdlpv.org\/dtl\/wp-json\/wp\/v2\/users\/2"}],"replies":[{"embeddable":true,"href":"https:\/\/www.cdlpv.org\/dtl\/wp-json\/wp\/v2\/comments?post=280"}],"version-history":[{"count":0,"href":"https:\/\/www.cdlpv.org\/dtl\/wp-json\/wp\/v2\/posts\/280\/revisions"}],"wp:attachment":[{"href":"https:\/\/www.cdlpv.org\/dtl\/wp-json\/wp\/v2\/media?parent=280"}],"wp:term":[{"taxonomy":"category","embeddable":true,"href":"https:\/\/www.cdlpv.org\/dtl\/wp-json\/wp\/v2\/categories?post=280"},{"taxonomy":"post_tag","embeddable":true,"href":"https:\/\/www.cdlpv.org\/dtl\/wp-json\/wp\/v2\/tags?post=280"}],"curies":[{"name":"wp","href":"https:\/\/api.w.org\/{rel}","templated":true}]}}