{"id":28,"date":"2006-12-30T21:49:48","date_gmt":"2006-12-30T19:49:48","guid":{"rendered":"http:\/\/www.cdlpv.org\/dtl\/?p=28"},"modified":"2006-12-30T21:49:48","modified_gmt":"2006-12-30T19:49:48","slug":"qui-dia-passa","status":"publish","type":"post","link":"https:\/\/www.cdlpv.org\/dtl\/2006\/12\/30\/qui-dia-passa\/","title":{"rendered":"Qui dia passa\u2026"},"content":{"rendered":"<p>Per acabar l&#8217;any b\u00e9 i comen\u00e7ar el que ve millor, espere que t\u00e8cnics i t\u00e8cniques hagen fet una llarga llista de desitjos per a l&#8217;any 2007. Per exemple, que els dos famosos nois d&#8217;Olot aprenguen r\u00e0pidament quatre paraules m\u00e9s d&#8217;espanyol, no f\u00f3ra cas que els monoling\u00fces castellans dels nostres pa\u00efsos i de la vora demanaren (de nou) un decret de monoling\u00fcisme obligatori i el govern de Zapatero els el firmara. Al cap i a la fi, que els biling\u00fces tinguen millors qualificacions en castell\u00e0 ens pensem que \u00e9s una demostraci\u00f3 per\u00f2 a les Espanyes encara ho veuen com un greuge comparatiu. I, \u00e9s clar, ens conviden a l&#8217;aculturaci\u00f3 i la ignor\u00e0ncia.\n<\/p>\n<p>Altres coses per a l&#8217;any nou, per exemple, si ens canviem el cotxe, posem que un Ford \u2014que els fabriquen a Almussafes\u2014, demanarem al concessionari que l&#8217;ordinador o el GPS ens entenga i ens parle en valenci\u00e0. Si aix\u00f2 no pot ser, canviarem de concessionari o de marca. \u00c9s clar, estic avan\u00e7ant una queixa, per\u00f2 els de la Ford poden anar solucionant-ho. (Este comentari ha estat suggerit per David Valls i Xavier Rull en Migjorn.)<\/p>\n<p>En el mateix sentit, en el banc ja m&#8217;atenen en valenci\u00e0 en tots els tr\u00e0mits. No han segut ni Font de Mora ni Gonz\u00e1lez Pons traguent la llengua. Jo a soletes. \u00c9s clar, hi havia diners pel mig que se&#8217;n podien anar en busca de millor tracte. De la mateixa manera, ja poden demostrar els gestors pol\u00edtics (del PP, principalment) alguna cosa m\u00e9s que guies de conversa per a no parlar valenci\u00e0 a Brussel\u00b7les &mdash;quin lloc m\u00e9s adient per a exemple de futurs immigrants, ei, Font de Mora?&mdash;, programes per a escriure en castell\u00e0 i que et tradu\u00efxquen al catal\u00e0 i subvencions per a pagar ben pagat a alg\u00fa. Potser l&#8217;any que ve a Carcaixent em faran els rebuts en valenci\u00e0 sense que els ho haja de reclamar cont\u00ednuament \u2014ara es tracta de l&#8217;IBI\u2014, perqu\u00e8 l&#8217;any que ve es juguen els vots (que tamb\u00e9 s\u00f3n diners, \u00e9s clar!).<\/p>\n<p>A Teulada (PP), com a mostra de l&#8217;efectivitat dels diners invertits per Font de Mora en pol\u00edtica ling\u00fc\u00edstica, resulta que per a ser auxiliar administratiu hi ha proves eliminat\u00f2ries de franc\u00e9s, angl\u00e9s i alemany. En canvi, en valenci\u00e0 pots traure un zero i quedar-te tan a gust. Per tant, per qu\u00e8 acaba de dir el conseller Font de Mora Tur\u00f3n que el valenci\u00e0 \u00e9s una eina d&#8217;integraci\u00f3 dels immigrants? Potser era per tancar l&#8217;any amb una frase bonica. (Ho explica una mica el <a href=\"http:\/\/www.levante-emv.com\/secciones\/noticia.jsp?pNumEjemplar=3383&amp;pIdSeccion=12&amp;pIdNoticia=258388&amp;rand=1166935891853\"><em>Levante<\/em><\/a>.)<\/p>\n<p>Hi ha uns quants desitjos m\u00e9s, com ara que la viol\u00e8ncia masclista no siga assassina i que l&#8217;administraci\u00f3 p\u00fablica no mantinga el llenguatge sexista o classista, que Toni Cucarella torne a escriure, que els editors editen m\u00e9s i sobretot millor en catal\u00e0, que els catalunyesos lligguen proporcionalment tants llibres valencians com nosaltres en llegim de catalunyesos, que facen accessible el centre hist\u00f2ric de Val\u00e8ncia, que hi facen aparcaments per a residents, que el <em>web<\/em> de les Corts valencianes no tinga el castell\u00e0 com a llengua predeterminada i imposada (i ning\u00fa sap com ha segut)&#8230; Un fum de coses m\u00e9s, naturalment, en valenci\u00e0.<\/p>\n","protected":false},"excerpt":{"rendered":"<p>Per acabar l&#8217;any b\u00e9 i comen\u00e7ar el que ve millor, espere que t\u00e8cnics i t\u00e8cniques hagen fet una llarga llista de desitjos per a l&#8217;any 2007. Per exemple, que els dos famosos nois d&#8217;Olot aprenguen r\u00e0pidament quatre paraules m\u00e9s d&#8217;espanyol, no f\u00f3ra cas que els monoling\u00fces castellans dels nostres pa\u00efsos i de la vora demanaren [&hellip;]<\/p>\n","protected":false},"author":2,"featured_media":0,"comment_status":"open","ping_status":"open","sticky":false,"template":"","format":"standard","meta":{"footnotes":""},"categories":[1,47,19],"tags":[],"class_list":["post-28","post","type-post","status-publish","format-standard","hentry","category-general","category-planificacio","category-politica"],"_links":{"self":[{"href":"https:\/\/www.cdlpv.org\/dtl\/wp-json\/wp\/v2\/posts\/28","targetHints":{"allow":["GET"]}}],"collection":[{"href":"https:\/\/www.cdlpv.org\/dtl\/wp-json\/wp\/v2\/posts"}],"about":[{"href":"https:\/\/www.cdlpv.org\/dtl\/wp-json\/wp\/v2\/types\/post"}],"author":[{"embeddable":true,"href":"https:\/\/www.cdlpv.org\/dtl\/wp-json\/wp\/v2\/users\/2"}],"replies":[{"embeddable":true,"href":"https:\/\/www.cdlpv.org\/dtl\/wp-json\/wp\/v2\/comments?post=28"}],"version-history":[{"count":0,"href":"https:\/\/www.cdlpv.org\/dtl\/wp-json\/wp\/v2\/posts\/28\/revisions"}],"wp:attachment":[{"href":"https:\/\/www.cdlpv.org\/dtl\/wp-json\/wp\/v2\/media?parent=28"}],"wp:term":[{"taxonomy":"category","embeddable":true,"href":"https:\/\/www.cdlpv.org\/dtl\/wp-json\/wp\/v2\/categories?post=28"},{"taxonomy":"post_tag","embeddable":true,"href":"https:\/\/www.cdlpv.org\/dtl\/wp-json\/wp\/v2\/tags?post=28"}],"curies":[{"name":"wp","href":"https:\/\/api.w.org\/{rel}","templated":true}]}}