{"id":279,"date":"2008-01-10T20:00:16","date_gmt":"2008-01-10T19:00:16","guid":{"rendered":"http:\/\/www.cdlpv.org\/dtl\/?p=279"},"modified":"2008-01-10T20:00:16","modified_gmt":"2008-01-10T19:00:16","slug":"el-bartolo-continuara-obert","status":"publish","type":"post","link":"https:\/\/www.cdlpv.org\/dtl\/2008\/01\/10\/el-bartolo-continuara-obert\/","title":{"rendered":"El Bartolo continuar\u00e0 obert"},"content":{"rendered":"<p>Informa el <em>Telenot\u00edcies Migdia<\/em> que el magistrat Gonzalo Barra Pla (Jutjat Contenci\u00f3s Administratiu n\u00famero 2 de Castell\u00f3 de la Plana) ha denegat el perm\u00eds que demanava la Generalitat valenciana per a clausurar el repetidor que emet <span class=\"versaleta\">tv3<\/span> des del Bartolo.<\/p>\n<p>Segons la informaci\u00f3 del noticiari:<\/p>\n<blockquote><p>\nEl jutjat ha impedit l&#8217;entrada de la Generalitat Valenciana al centre repetidor, situat al desert de les Palmes. L&#8217;argument \u00e9s que la petici\u00f3 prov\u00e9 d&#8217;una resoluci\u00f3 contra la qual s&#8217;ha presentat un recurs al Tribunal Superior de Just\u00edcia. Aquesta resoluci\u00f3 \u00e9s la que multa Acci\u00f3 Cultural del Pa\u00eds Valenci\u00e0 amb 300.000 euros i ordena el cessament de les emissions de TV3 al Pa\u00eds Valenci\u00e0.<br \/>\n<\/blockquote\n\nUn petit entrebanc per al plans censors del president valenci\u00e0 Francisco Camps. Esperem que la barrera final que protegixca les reemissions (i els valors democr\u00e0tics) li la pose el Tribunal Superior de Just\u00edcia valenci\u00e0.\n\nM\u00e9s informaci\u00f3 en <a href=\"http:\/\/www.vilaweb.cat\/www\/noticia?p_idcmp=2693935&#038;p_edi=General\" target=\"_blank\">Vilaweb<\/a>.<\/p>\n","protected":false},"excerpt":{"rendered":"<p>Informa el Telenot\u00edcies Migdia que el magistrat Gonzalo Barra Pla (Jutjat Contenci\u00f3s Administratiu n\u00famero 2 de Castell\u00f3 de la Plana) ha denegat el perm\u00eds que demanava la Generalitat valenciana per a clausurar el repetidor que emet tv3 des del Bartolo. Segons la informaci\u00f3 del noticiari: El jutjat ha impedit l&#8217;entrada de la Generalitat Valenciana al [&hellip;]<\/p>\n","protected":false},"author":2,"featured_media":0,"comment_status":"open","ping_status":"open","sticky":false,"template":"","format":"standard","meta":{"footnotes":""},"categories":[2,4,1,14,34],"tags":[89,100,409,487],"class_list":["post-279","post","type-post","status-publish","format-standard","hentry","category-comunicacio","category-dret","category-general","category-jurisprudencia","category-tv3","tag-carrasqueta","tag-censura","tag-repetidors","tag-tv3"],"_links":{"self":[{"href":"https:\/\/www.cdlpv.org\/dtl\/wp-json\/wp\/v2\/posts\/279","targetHints":{"allow":["GET"]}}],"collection":[{"href":"https:\/\/www.cdlpv.org\/dtl\/wp-json\/wp\/v2\/posts"}],"about":[{"href":"https:\/\/www.cdlpv.org\/dtl\/wp-json\/wp\/v2\/types\/post"}],"author":[{"embeddable":true,"href":"https:\/\/www.cdlpv.org\/dtl\/wp-json\/wp\/v2\/users\/2"}],"replies":[{"embeddable":true,"href":"https:\/\/www.cdlpv.org\/dtl\/wp-json\/wp\/v2\/comments?post=279"}],"version-history":[{"count":0,"href":"https:\/\/www.cdlpv.org\/dtl\/wp-json\/wp\/v2\/posts\/279\/revisions"}],"wp:attachment":[{"href":"https:\/\/www.cdlpv.org\/dtl\/wp-json\/wp\/v2\/media?parent=279"}],"wp:term":[{"taxonomy":"category","embeddable":true,"href":"https:\/\/www.cdlpv.org\/dtl\/wp-json\/wp\/v2\/categories?post=279"},{"taxonomy":"post_tag","embeddable":true,"href":"https:\/\/www.cdlpv.org\/dtl\/wp-json\/wp\/v2\/tags?post=279"}],"curies":[{"name":"wp","href":"https:\/\/api.w.org\/{rel}","templated":true}]}}