{"id":278,"date":"2008-01-10T12:13:12","date_gmt":"2008-01-10T11:13:12","guid":{"rendered":"http:\/\/www.cdlpv.org\/dtl\/?p=278"},"modified":"2008-01-10T12:13:12","modified_gmt":"2008-01-10T11:13:12","slug":"nomenaments-en-lavl-josep-lluis-lacreu-cuesta","status":"publish","type":"post","link":"https:\/\/www.cdlpv.org\/dtl\/2008\/01\/10\/nomenaments-en-lavl-josep-lluis-lacreu-cuesta\/","title":{"rendered":"Nomenaments en l&#8217;AVL: Josep Llu\u00eds Lacreu Cuesta"},"content":{"rendered":"<p>El <span class=\"versaleta\">cidaj<\/span> ens fa arribar la informaci\u00f3 seg\u00fcent:<\/p>\n<blockquote><p>\nRESOLUCI\u00d3 de 19 de desembre de 2007, per la qual es prove\u00efxen les vacants anunciades per la convocat\u00f2ria d&#8217;esta Presid\u00e8ncia, de 5 d&#8217;octubre de 2007 (<span class=\"versaleta\"><em>docv<\/em><\/span> n\u00fam. 5&nbsp;620, de 17 d&#8217;octubre de 2007). [2007\/15701] (<span class=\"versaleta\"><em>docv<\/em><\/span> n\u00fam. 5&nbsp;670, de 31.12.2007)<br \/>\n&#8211; <a href=\"http:\/\/www.pre.gva.es\/L\/BASIS\/BDLGVPU\/WEB\/LEV_LISTADOS_TEXTO\/DDW?W%3DSIGNATURA_N=16031+AND+SIGNATURA_A=2007%26R%3DN\" target=\"_blank\">vegeu text<\/a>\n<\/p><\/blockquote>\n<p>En concret, el resultat ha estat:<\/p>\n<blockquote><p>\nPrimer<br \/>\nNomenar el Sr. Agust\u00ed Colomer Ferr\u00e0ndiz, funcionari de carrera del grup A, amb NRP 21.636.872N0, com a cap de Gesti\u00f3 Administrativa de l&#8217;Acad\u00e8mia Valenciana de la Llengua, lloc de treball n\u00famero 4, grup A, complement de destinaci\u00f3 30 i complement espec\u00edfic E050.<\/p>\n<p>Segon<br \/>\nNomenar el Sr. Joan Enric Tamarit Llop, funcionari de carrera del grup A, amb NRP 22.517.791J0, com a cap de Gesti\u00f3 Econ\u00f2mica de l&#8217;Acad\u00e8mia Valenciana de la Llengua, lloc de treball n\u00famero 5, grup A, complement de destinaci\u00f3 30 i complement espec\u00edfic E050.<\/p>\n<p>Tercer<br \/>\nNomenar el Sr. Josep Llu\u00eds Lacreu Cuesta, funcionari de carrera del grup A, amb NRP 19.878.581D0, com a cap de la Unitat de Recursos Ling\u00fcisticot\u00e8cnics de l&#8217;Acad\u00e8mia Valenciana de la Llengua, lloc de treball n\u00famero 6, grup A, complement de destinaci\u00f3 30 i complement espec\u00edfic E050.\n<\/p><\/blockquote>\n<p>Observem, per tant, que el lloc del cap de Recursos Ling\u00fc\u00edsticot\u00e8cnics ha pujat de complement de destinaci\u00f3 (ara \u00e9s 30) respecte del que es va fixar en el Decret 69\/2003 <a href=\"http:\/\/www.geocities.com\/asensi.geo\/Legis\/Arxius\/AVL\/classificacio.htm\" target=\"_blank\">(28)<\/a>.<\/p>\n","protected":false},"excerpt":{"rendered":"<p>El cidaj ens fa arribar la informaci\u00f3 seg\u00fcent: RESOLUCI\u00d3 de 19 de desembre de 2007, per la qual es prove\u00efxen les vacants anunciades per la convocat\u00f2ria d&#8217;esta Presid\u00e8ncia, de 5 d&#8217;octubre de 2007 (docv n\u00fam. 5&nbsp;620, de 17 d&#8217;octubre de 2007). [2007\/15701] (docv n\u00fam. 5&nbsp;670, de 31.12.2007) &#8211; vegeu text En concret, el resultat ha [&hellip;]<\/p>\n","protected":false},"author":2,"featured_media":0,"comment_status":"open","ping_status":"open","sticky":false,"template":"","format":"standard","meta":{"footnotes":""},"categories":[38,1,15,26],"tags":[109,271,341],"class_list":["post-278","post","type-post","status-publish","format-standard","hentry","category-avl","category-general","category-laboral","category-serveis-linguistics","tag-concursos","tag-lacreu","tag-oposicions"],"_links":{"self":[{"href":"https:\/\/www.cdlpv.org\/dtl\/wp-json\/wp\/v2\/posts\/278","targetHints":{"allow":["GET"]}}],"collection":[{"href":"https:\/\/www.cdlpv.org\/dtl\/wp-json\/wp\/v2\/posts"}],"about":[{"href":"https:\/\/www.cdlpv.org\/dtl\/wp-json\/wp\/v2\/types\/post"}],"author":[{"embeddable":true,"href":"https:\/\/www.cdlpv.org\/dtl\/wp-json\/wp\/v2\/users\/2"}],"replies":[{"embeddable":true,"href":"https:\/\/www.cdlpv.org\/dtl\/wp-json\/wp\/v2\/comments?post=278"}],"version-history":[{"count":0,"href":"https:\/\/www.cdlpv.org\/dtl\/wp-json\/wp\/v2\/posts\/278\/revisions"}],"wp:attachment":[{"href":"https:\/\/www.cdlpv.org\/dtl\/wp-json\/wp\/v2\/media?parent=278"}],"wp:term":[{"taxonomy":"category","embeddable":true,"href":"https:\/\/www.cdlpv.org\/dtl\/wp-json\/wp\/v2\/categories?post=278"},{"taxonomy":"post_tag","embeddable":true,"href":"https:\/\/www.cdlpv.org\/dtl\/wp-json\/wp\/v2\/tags?post=278"}],"curies":[{"name":"wp","href":"https:\/\/api.w.org\/{rel}","templated":true}]}}