{"id":2777,"date":"2013-11-28T19:18:11","date_gmt":"2013-11-28T17:18:11","guid":{"rendered":"http:\/\/www.cdlpv.org\/dtl\/?p=2777"},"modified":"2013-11-28T19:18:11","modified_gmt":"2013-11-28T17:18:11","slug":"la-situacio-de-la-llengua-en-2012","status":"publish","type":"post","link":"https:\/\/www.cdlpv.org\/dtl\/2013\/11\/28\/la-situacio-de-la-llengua-en-2012\/","title":{"rendered":"La situaci\u00f3 de la llengua en 2012"},"content":{"rendered":"<figure style=\"width: 922px\" class=\"wp-caption aligncenter\"><a href=\"http:\/\/www.iec.cat\/activitats\/butlleti\/detall.asp?id_noticies=1001&amp;numero=181\"><img decoding=\"async\" alt=\"Taula\" src=\"http:\/\/www.iec.cat\/activitats\/imatges\/taula_cruscat_bona.jpg\" width=\"100%\" height=\"100%\" \/><\/a><figcaption class=\"wp-caption-text\">Estimaci\u00f3 del total de poblaci\u00f3 que declara com a llengua inicial el catal\u00e0, entendre\u2019l, saber-lo parlar i saber-lo escriure. Territoris de llengua catalana. Milers de persones. Any 2013. Font: Xarxa CRUSCAT<\/figcaption><\/figure>\n<p>El sis\u00e9 informe sobre la situaci\u00f3 de la llengua catalana, amb data 2012, elaborat per la Xarxa Cruscat de l&#8217;<span class=\"versaleta\">iec<\/span>, emet diversos senyals positius sobre l&#8217;evoluci\u00f3 de l&#8217;\u00fas de la llengua, tal com podem llegir en <em>El Butllet\u00ed<\/em> <a href=\"http:\/\/www.iec.cat\/activitats\/butlleti\/detall.asp?id_noticies=1001&amp;numero=181\" target=\"_blank\">n\u00famero 181<\/a> de l&#8217;institut:<\/p>\n<blockquote><p>Segons va explicar Miquel \u00c0ngel Pradilla, el 2012 el catal\u00e0 va superar la xifra dels deu milions de parlants (10,1 milions); aix\u00f2 significa que un 72,4\u00a0\u2006% de la poblaci\u00f3 de la comunitat ling\u00fc\u00edstica parla catal\u00e0. 12,8 milions de persones declaren entendre\u2019l (91,7\u00a0\u2006%) i 7,3 milions diuen que el saben escriure (52,6\u00a0\u2006%). Tot i aix\u00f2, segons l\u2019<em>Informe<\/em>, es mantenen profunds desequilibris territorials accentuats per les ofensives pol\u00edtiques contr\u00e0ries al catal\u00e0 i el setge legislatiu. El director de la Xarxa <span class=\"versaleta\">cruscat<\/span> va destacar que les autonomies on el Partit Popular va recuperar l\u2019hegemonia van iniciar una croada contra el reconeixement, la protecci\u00f3 jur\u00eddica i la normalitzaci\u00f3 ling\u00fc\u00edstica del catal\u00e0, que s\u2019ha tradu\u00eft en una clara involuci\u00f3 a Arag\u00f3 i a les Illes Balears, mentre que al Pa\u00eds Valenci\u00e0 s\u2019ha \u00abrutinitzat\u00bb una pol\u00edtica ling\u00fc\u00edstica que ha estat molt perjudicial per a la vitalitat i l\u2019\u00fas de la llengua.<\/p><\/blockquote>\n<p>A m\u00e9s, en el mateix n\u00famero del butllet\u00ed, Miquel \u00c0ngel Pradilla fa una an\u00e0lisi ben interesant sobre les dades que proporciona l&#8217;informe. Per exemple, hi podem llegir:<\/p>\n<blockquote><p>Al Pa\u00eds Valenci\u00e0, en canvi, la comunitat etnoling\u00fc\u00edstica catalanoparlant, situada al voltant d\u2019un 30\u00a0\u2006% de la poblaci\u00f3, serveix de refugi d\u2019uns usos que quan guanyen formalitat experimenten una franca davallada. No cal dir que la causa primera d\u2019aquest comportament funcional oposat de la llengua en els dos territoris referits s\u2019ha de cercar en la pol\u00edtica i la planificaci\u00f3 ling\u00fc\u00edstica institucional. Aix\u00ed, mentre que a Catalunya el proc\u00e9s de rehabilitaci\u00f3 de la llengua en els contextos p\u00fablics esdev\u00e9 un dels objectius centrals del proc\u00e9s de normalitzaci\u00f3 ling\u00fc\u00edstica, al Pa\u00eds Valenci\u00e0, malgrat la ret\u00f2rica institucional, l\u2019aposta governamental no ha depassat l\u2019objectiu de biling\u00fcitzaci\u00f3 asim\u00e8trica de la poblaci\u00f3.<\/p><\/blockquote>\n","protected":false},"excerpt":{"rendered":"<p>El sis\u00e9 informe sobre la situaci\u00f3 de la llengua catalana, amb data 2012, elaborat per la Xarxa Cruscat de l&#8217;iec, emet diversos senyals positius sobre l&#8217;evoluci\u00f3 de l&#8217;\u00fas de la llengua, tal com podem llegir en El Butllet\u00ed n\u00famero 181 de l&#8217;institut: Segons va explicar Miquel \u00c0ngel Pradilla, el 2012 el catal\u00e0 va superar la [&hellip;]<\/p>\n","protected":false},"author":2,"featured_media":0,"comment_status":"open","ping_status":"open","sticky":false,"template":"","format":"standard","meta":{"footnotes":""},"categories":[3,1,47,19,27],"tags":[132,177],"class_list":["post-2777","post","type-post","status-publish","format-standard","hentry","category-documentacio","category-general","category-planificacio","category-politica","category-sociolinguistica","tag-cruscat","tag-enquestes"],"_links":{"self":[{"href":"https:\/\/www.cdlpv.org\/dtl\/wp-json\/wp\/v2\/posts\/2777","targetHints":{"allow":["GET"]}}],"collection":[{"href":"https:\/\/www.cdlpv.org\/dtl\/wp-json\/wp\/v2\/posts"}],"about":[{"href":"https:\/\/www.cdlpv.org\/dtl\/wp-json\/wp\/v2\/types\/post"}],"author":[{"embeddable":true,"href":"https:\/\/www.cdlpv.org\/dtl\/wp-json\/wp\/v2\/users\/2"}],"replies":[{"embeddable":true,"href":"https:\/\/www.cdlpv.org\/dtl\/wp-json\/wp\/v2\/comments?post=2777"}],"version-history":[{"count":0,"href":"https:\/\/www.cdlpv.org\/dtl\/wp-json\/wp\/v2\/posts\/2777\/revisions"}],"wp:attachment":[{"href":"https:\/\/www.cdlpv.org\/dtl\/wp-json\/wp\/v2\/media?parent=2777"}],"wp:term":[{"taxonomy":"category","embeddable":true,"href":"https:\/\/www.cdlpv.org\/dtl\/wp-json\/wp\/v2\/categories?post=2777"},{"taxonomy":"post_tag","embeddable":true,"href":"https:\/\/www.cdlpv.org\/dtl\/wp-json\/wp\/v2\/tags?post=2777"}],"curies":[{"name":"wp","href":"https:\/\/api.w.org\/{rel}","templated":true}]}}