{"id":2774,"date":"2013-11-14T10:30:02","date_gmt":"2013-11-14T08:30:02","guid":{"rendered":"http:\/\/www.cdlpv.org\/dtl\/?p=2774"},"modified":"2013-11-14T10:30:02","modified_gmt":"2013-11-14T08:30:02","slug":"2774","status":"publish","type":"post","link":"https:\/\/www.cdlpv.org\/dtl\/2013\/11\/14\/2774\/","title":{"rendered":"Requisit ling\u00fc\u00edstic docent"},"content":{"rendered":"<p>La Generalitat valenciana aprova el requisit ling\u00fc\u00edstic docent en <span class=\"versaleta\">eso<\/span> i Batxillerat (<a href=\"http:\/\/www.docv.gva.es\/datos\/2013\/11\/08\/pdf\/2013_10607.pdf\" target=\"_blank\">veg.<\/a> <span class=\"versaleta\"><em>docv<\/em><\/span> 08.11.2013). A pesar que \u00e9s una bona not\u00edcia \u2014per tard que haja arribat la mesura\u2014, Escola Valenciana fa unes reflexions sobre la q\u00fcesti\u00f3:<\/p>\n<blockquote>\n<h2>Aprovaci\u00f3 del requisit ling\u00fc\u00edstic docent a Secund\u00e0ria i Batxillerat<\/h2>\n[&#8230;]\n<p>Cal recordar que l&#8217;oferta d&#8217;ensenyament en valenci\u00e0 als instituts actualment est\u00e0 al voltant del 20%, mentre que a les escoles \u00e9s d&#8217;un 35%. \u00abQueda molta voluntat pol\u00edtica per aconseguir la normalitat ling\u00fc\u00edstica al sistema educatiu valenci\u00e0 ara que estem a punt de commemorar tres d\u00e8cades de la Llei d&#8217;\u00das i Ensenyament del Valenci\u00e0\u00bb, ha comentat el president d&#8217;Escola Valenciana.<\/p>\n<p>Des de l&#8217;entitat c\u00edvica es considera que la publicaci\u00f3 hui en el DOCV de la catalogaci\u00f3 ling\u00fc\u00edstica de tots els llocs docents ha estat una maniobra estudiada per part del Govern de la Generalitat Valenciana. \u00abEsper\u00e0vem des de feia mesos la not\u00edcia, des de febrer de 2013 i justament apareix hui, la vespra de les manifestacions socials contra el tancament de RTVV. Aprofitar un tema tan important com la catalogaci\u00f3 ling\u00fc\u00edstica en valenci\u00e0 dels llocs docents del professorat dels instituts ens sembla una maniobra de fum de la Generalitat Valenciana per desviar l&#8217;atenci\u00f3 informativa d&#8217;un altre tema cabdal com \u00e9s el desmantellament i el tancament d&#8217;un servei p\u00fablic fonamental com \u00e9s la r\u00e0dio i la televisi\u00f3 p\u00fabliques valencianes, un servei que ha de ser un altaveu fort de normalitzaci\u00f3 de la nostra llengua\u00bb, s&#8217;ha explicat des d&#8217;Escola Valenciana.<\/p><\/blockquote>\n","protected":false},"excerpt":{"rendered":"<p>La Generalitat valenciana aprova el requisit ling\u00fc\u00edstic docent en eso i Batxillerat (veg. docv 08.11.2013). A pesar que \u00e9s una bona not\u00edcia \u2014per tard que haja arribat la mesura\u2014, Escola Valenciana fa unes reflexions sobre la q\u00fcesti\u00f3: Aprovaci\u00f3 del requisit ling\u00fc\u00edstic docent a Secund\u00e0ria i Batxillerat [&#8230;] Cal recordar que l&#8217;oferta d&#8217;ensenyament en valenci\u00e0 als [&hellip;]<\/p>\n","protected":false},"author":2,"featured_media":0,"comment_status":"open","ping_status":"open","sticky":false,"template":"","format":"standard","meta":{"footnotes":""},"categories":[45,1,15,47,24],"tags":[157,158],"class_list":["post-2774","post","type-post","status-publish","format-standard","hentry","category-ensenyament","category-general","category-laboral","category-planificacio","category-requisit-linguistic","tag-docents","tag-dogv"],"_links":{"self":[{"href":"https:\/\/www.cdlpv.org\/dtl\/wp-json\/wp\/v2\/posts\/2774","targetHints":{"allow":["GET"]}}],"collection":[{"href":"https:\/\/www.cdlpv.org\/dtl\/wp-json\/wp\/v2\/posts"}],"about":[{"href":"https:\/\/www.cdlpv.org\/dtl\/wp-json\/wp\/v2\/types\/post"}],"author":[{"embeddable":true,"href":"https:\/\/www.cdlpv.org\/dtl\/wp-json\/wp\/v2\/users\/2"}],"replies":[{"embeddable":true,"href":"https:\/\/www.cdlpv.org\/dtl\/wp-json\/wp\/v2\/comments?post=2774"}],"version-history":[{"count":0,"href":"https:\/\/www.cdlpv.org\/dtl\/wp-json\/wp\/v2\/posts\/2774\/revisions"}],"wp:attachment":[{"href":"https:\/\/www.cdlpv.org\/dtl\/wp-json\/wp\/v2\/media?parent=2774"}],"wp:term":[{"taxonomy":"category","embeddable":true,"href":"https:\/\/www.cdlpv.org\/dtl\/wp-json\/wp\/v2\/categories?post=2774"},{"taxonomy":"post_tag","embeddable":true,"href":"https:\/\/www.cdlpv.org\/dtl\/wp-json\/wp\/v2\/tags?post=2774"}],"curies":[{"name":"wp","href":"https:\/\/api.w.org\/{rel}","templated":true}]}}