{"id":2761,"date":"2013-10-16T21:37:55","date_gmt":"2013-10-16T19:37:55","guid":{"rendered":"http:\/\/www.cdlpv.org\/dtl\/?p=2761"},"modified":"2013-10-16T21:37:55","modified_gmt":"2013-10-16T19:37:55","slug":"jornades-de-liec-en-santa-coloma-de-farners","status":"publish","type":"post","link":"https:\/\/www.cdlpv.org\/dtl\/2013\/10\/16\/jornades-de-liec-en-santa-coloma-de-farners\/","title":{"rendered":"Jornades de l&#8217;IEC en Santa Coloma de Farners"},"content":{"rendered":"<blockquote>\n<blockquote><p><a href=\"http:\/\/normesortografiques.espais.iec.cat\/files\/2013\/01\/diptic_JornadesStaColoma_def.pdf\"><strong>JORNADES DE LA SECCI\u00d3 FILOL\u00d2GICA DE L\u2019IEC <\/strong><\/a> <\/p><\/blockquote>\n<blockquote><p> <a href=\"http:\/\/normesortografiques.espais.iec.cat\/files\/2013\/01\/diptic_JornadesStaColoma_def.pdf\"><strong>A SANTA COLOMA DE FARNERS (LA SELVA)<\/strong><\/a><\/p>\n<\/blockquote>\n<blockquote><p> <strong>Amb motiu del centenari de les <em>Normes ortogr\u00e0fiques<\/em> de l\u2019IEC<\/strong><\/p>\n<\/blockquote>\n<blockquote><p> <strong>25 i 26 d\u2019octubre de 2013<\/strong><\/p>\n<\/blockquote>\n<\/blockquote>\n<blockquote>\n<p><strong>Divendres 25 d\u2019octubre<\/strong><\/p>\n<p><strong>Casa de la Paraula (carrer del Prat, 16, Can Giron\u00e8s)<\/strong><\/p>\n<p>17.30 h: Obertura de les jornades a c\u00e0rrec dels representants de les institucions<\/p>\n<p><em>Sessi\u00f3 dedicada a Josep Maria Mas Solench i a temes de llengua moderada per Joan Veny <\/em><\/p>\n<p><em>(membre de la Secci\u00f3 Filol\u00f2gica de l\u2019IEC)<\/em><\/p>\n<p>17.45 h: Mari\u00e0ngela Vilallonga (professora de la Universitat de Girona i membre de la Secci\u00f3 Filol\u00f2gica)<\/p>\n<p><em>Josep M. Mas Solench, entre la jurisprud\u00e8ncia i l\u2019activisme cultural<\/em><\/p>\n<p>18.10 h: Elvis Mallorqu\u00ed (doctor en hist\u00f2ria, professor d\u2019ensenyament secundari<\/p>\n<p>i vicepresident del Centre d\u2019Estudis Selvatans)<\/p>\n<p><strong><em>Aigua en els camins de la Selva. Impressions a partir de la topon\u00edmia selvatana<\/em><\/strong><\/p>\n<p>18.35 h: Jordi Dorca (ling\u00fcista)<\/p>\n<p><strong><em>Els parlars de les Guilleries: l\u00e8xic i fraseologia<\/em><\/strong><\/p>\n<p>19.00 h: Montserrat Adam (professora de la Universitat de Barcelona)<\/p>\n<p><em>La morfologia verbal i nominal al nord del catal\u00e0 central. Estudi de dues tipologies<\/em><\/p>\n<p><em>ling\u00fc\u00edstiques espacials<\/em><\/p>\n<p>19.25 h: Col\u00b7loqui<\/p>\n<p><strong>Biblioteca Joan Vinyoli (passeig de Sant Salvador, 1)<\/strong><\/p>\n<p>20.00 h: Concert <em>Sons d\u2019Espriu, <\/em>a c\u00e0rrec de Brossa Quartet de Corda<\/p>\n<p><strong>Dissabte 26 d\u2019octubre<\/strong><\/p>\n<p><strong>Biblioteca Joan Vinyoli (passeig de Sant Salvador, 1)<\/strong><\/p>\n<p><em>Sessi\u00f3 dedicada a temes de literatura i cultura moderada per Carles Miralles <\/em><\/p>\n<p><em>(membre de la Secci\u00f3 Filol\u00f2gica de l\u2019IEC)<\/em><\/p>\n<p>10.00 h: Narc\u00eds-Jordi Arag\u00f3 (periodista i escriptor)<\/p>\n<p><strong><em>Ricard Arag\u00f3, Ivon l\u2019Escop, defensor de la llengua i de la paraula<\/em><\/strong><\/p>\n<p>10.25 h: Joan Ferrer i Francesc Feliu (professors de la Universitat de Girona)<\/p>\n<p><em>El \u00abcatal\u00e0 estrany\u00bb de les traduccions b\u00edbliques de Mn. Frederic Clascar<\/em><\/p>\n<p>10.50 h: Narc\u00eds Figueras (membre del Centre d\u2019Estudis Selvatans,<\/p>\n<p>vicepresident de la Coordinadora de Centres d\u2019Estudis de Parla Catalana, director del Patronat Francesc Eiximenis<\/p>\n<p>de la Diputaci\u00f3 de Girona i professor de la Universitat Oberta de Catalunya)<\/p>\n<p><strong><em>Els Jocs Florals a la Selva<\/em><\/strong><\/p>\n<p>11.15 h: Pep Sol\u00e0 (investigador i bi\u00f2graf de Joan Vinyoli)<\/p>\n<p><strong><em>Joan Vinyoli i el crit de la natura<\/em><\/strong><\/p>\n<p>11.40 h: Margarida Casacuberta (professora de la Universitat de Girona<\/p>\n<p>i directora de la C\u00e0tedra Joan Vinyoli de poesia contempor\u00e0nia)<\/p>\n<p><strong><em>Presentaci\u00f3 de la C\u00e0tedra Joan Vinyoli de poesia contempor\u00e0nia<\/em><\/strong><\/p>\n<p>12.05 h: Col\u00b7loqui<\/p>\n<p>12.20 h: Cloenda de les jornades a c\u00e0rrec dels representants de les institucions<\/p>\n<p><strong>Parc de Sant Salvador<\/strong><\/p>\n<p>12.30 h: <em>Ruta liter\u00e0ria Joan Vinyoli<\/em>, guiada per Pep Sol\u00e0, amb lectura de poemes<\/p>\n<p>a c\u00e0rrec de N\u00faria Candela<\/p>\n<p>D\u00edptic de les Jornades:<\/p>\n<p><a href=\"http:\/\/normesortografiques.espais.iec.cat\/activitats\/actes-institucionals\/\">Web del centenari de les Normes ortogr\u00e0fiques<\/a><\/p>\n<p><a href=\"http:\/\/sf.espais.iec.cat\/pagina-exemple-2\/\">Web de la Secci\u00f3 Filol\u00f2gica<\/a><\/p>\n<\/blockquote>\n","protected":false},"excerpt":{"rendered":"<p>JORNADES DE LA SECCI\u00d3 FILOL\u00d2GICA DE L\u2019IEC A SANTA COLOMA DE FARNERS (LA SELVA) Amb motiu del centenari de les Normes ortogr\u00e0fiques de l\u2019IEC 25 i 26 d\u2019octubre de 2013 Divendres 25 d\u2019octubre Casa de la Paraula (carrer del Prat, 16, Can Giron\u00e8s) 17.30 h: Obertura de les jornades a c\u00e0rrec dels representants de les [&hellip;]<\/p>\n","protected":false},"author":2,"featured_media":0,"comment_status":"open","ping_status":"open","sticky":false,"template":"","format":"standard","meta":{"footnotes":""},"categories":[1],"tags":[],"class_list":["post-2761","post","type-post","status-publish","format-standard","hentry","category-general"],"_links":{"self":[{"href":"https:\/\/www.cdlpv.org\/dtl\/wp-json\/wp\/v2\/posts\/2761","targetHints":{"allow":["GET"]}}],"collection":[{"href":"https:\/\/www.cdlpv.org\/dtl\/wp-json\/wp\/v2\/posts"}],"about":[{"href":"https:\/\/www.cdlpv.org\/dtl\/wp-json\/wp\/v2\/types\/post"}],"author":[{"embeddable":true,"href":"https:\/\/www.cdlpv.org\/dtl\/wp-json\/wp\/v2\/users\/2"}],"replies":[{"embeddable":true,"href":"https:\/\/www.cdlpv.org\/dtl\/wp-json\/wp\/v2\/comments?post=2761"}],"version-history":[{"count":0,"href":"https:\/\/www.cdlpv.org\/dtl\/wp-json\/wp\/v2\/posts\/2761\/revisions"}],"wp:attachment":[{"href":"https:\/\/www.cdlpv.org\/dtl\/wp-json\/wp\/v2\/media?parent=2761"}],"wp:term":[{"taxonomy":"category","embeddable":true,"href":"https:\/\/www.cdlpv.org\/dtl\/wp-json\/wp\/v2\/categories?post=2761"},{"taxonomy":"post_tag","embeddable":true,"href":"https:\/\/www.cdlpv.org\/dtl\/wp-json\/wp\/v2\/tags?post=2761"}],"curies":[{"name":"wp","href":"https:\/\/api.w.org\/{rel}","templated":true}]}}