{"id":276,"date":"2008-01-08T22:43:50","date_gmt":"2008-01-08T21:43:50","guid":{"rendered":"http:\/\/www.cdlpv.org\/dtl\/?p=276"},"modified":"2008-01-08T22:43:50","modified_gmt":"2008-01-08T21:43:50","slug":"els-colors-de-la-il%c2%b7legalitat-al-pais-valencia","status":"publish","type":"post","link":"https:\/\/www.cdlpv.org\/dtl\/2008\/01\/08\/els-colors-de-la-il%c2%b7legalitat-al-pais-valencia\/","title":{"rendered":"Els colors de la il\u00b7legalitat al Pa\u00eds Valenci\u00e0"},"content":{"rendered":"<p>De tot el proc\u00e9s que ha mampr\u00e9s l&#8217;actual president de la Generalitat valenciana Francisco Camps contra la reemissi\u00f3 de <span class=\"versaleta\">tv3<\/span> al Pa\u00eds Valenci\u00e0 i, per tant, contra els ciutadans i ciutadanes que volen triar eixes emissions (per la llengua, pels continguts o per la qualitat), encara en traurem un benefici, si m\u00e9s no, que consistir\u00e0 en fer evident des de tots els angles possibles l&#8217;arbitrarietat, la demag\u00f2gia, les alegalitats i les il\u00b7legalitats que estan cometent els dirigents valencians que tacten de censurar un mitj\u00e0 p\u00fablic d&#8217;informaci\u00f3 i comunicaci\u00f3, per\u00f2, en canvi, incomplixen amb irresponsabilitat i perjudici general les resolucions judicials <span class=\"versaleta\">[<em>dtl<\/em> <a href=\"http:\/\/www.cdlpv.org\/dtl\/?p=275\" target=\"_blank\">07.01.2008<\/a>]<\/span> que no els s\u00f3n favorables, sempre, <em>casualment<\/em>, contra l&#8217;\u00fas i la difusi\u00f3 del valenci\u00e0.<\/p>\n<p>A m\u00e9s, ens assabentarem de les passivitats c\u00f2mplices i interessades dels ministres amb compet\u00e8ncia en la gesti\u00f3 de les ones (tant Jos\u00e9 Montilla com Joan Clos, i tots els predecessors) i de la mala gana que tenen a l&#8217;hora de resoldre un problema covat durant la transici\u00f3 a la democr\u00e0cia i que encara continua donant-los algun fruit.<\/p>\n<p>Segons informa Vilaweb (<a href=\"http:\/\/www.vilaweb.cat\/www\/noticia?p_idcmp=2691041\">08.01.2008<\/a>) Acci\u00f3 Cultural del Pa\u00eds Valenci\u00e0 acaba de presentar un recurs contra l&#8217;expedient sancionador. Esperem que hi haja sort, \u00e9s a dir, just\u00edcia amb ulls a la cara. En este sentit, l&#8217;article d&#8217;Alfons Esteve (<em>Levante,<\/em> <a href=\"http:\/\/www.levante-emv.com\/secciones\/noticia.jsp?pRef=3771_5_389718__Opinion-Illegalitat-complicitat\" target=\"_blank\">04.01.2008<\/a>) detalla amb lucidesa la malifeta:<\/p>\n<blockquote>\n<h2>Il\u00b7legalitat i complicitat<\/h2>\n<h5>Alfons Esteve<\/h5>\n<p>Fa pocs mesos, el president vene\u00e7ol\u00e0 Hugo Ch\u00e1vez va tancar una televisi\u00f3 privada i va ser un motiu d&#8217;esc\u00e0ndol internacional, sobretot a l&#8217;Estat espanyol, per tal com, es deia, era un atemptat contra la llibertat d&#8217;expressi\u00f3 en aquell pa\u00eds. Aix\u00f2 mateix ha fet el president valenci\u00e0, Francisco Camps, i no sembla que haja tingut el mateix vol ni nacional ni internacional dins del mateix Estat que feia ben poc reclamava el dret a expressar-se lliurement a trav\u00e9s d&#8217;un mitj\u00e0 de comunicaci\u00f3. Ac\u00ed tot s&#8217;ha quedat m\u00e9s aviat amb la foscor d&#8217;un diumenge a la nit. L&#8217;argument de Ch\u00e1vez per a clausurar la televisi\u00f3 va ser la caducitat de la llic\u00e8ncia administrativa per a emetre. El de Camps, i despr\u00e9s de 22 anys, la il\u00b7legalitat de les emissions dels canals de la Corporaci\u00f3 Catalana de Mitjans Audiovisuals <span class=\"versaleta\">(ccma) &mdash;tv3, C33, 3\/24<\/span> i <span class=\"versaleta\">K3\/300<\/span>&mdash; al Pa\u00eds Valenci\u00e0.<\/p>\n<p>Aquest, el de la il\u00b7legalitat, \u00e9s l&#8217;\u00fanic argument que han utilitzat per a tancar els repetidors. I aquest dictat de l&#8217;aparell propagand\u00edstic del <span class=\"versaleta\">pp<\/span> ha fet tant d&#8217;efecte que fins i tot els qui estan contra el tancament i defensen la continu\u00eftat de les emissions el donen per bo, sense parar-se a pensar o a mirar la legislaci\u00f3 en qu\u00e8 suposadament es basa el Govern del <span class=\"versaleta\">pp<\/span> per fer-ho. I deixem-ho clar: aquesta il\u00b7legalitat \u00e9s, si m\u00e9s no, discutible.<\/p>\n<p>En l&#8217;expedient que ha instru\u00eft el Govern valenci\u00e0 s&#8217;afirma que les emissions s\u00f3n il\u00b7legals, d&#8217;acord amb la Llei 1\/2006 de la Generalitat Valenciana, del sector audiovisual. Ara b\u00e9, aquesta llei va entrar en vigor a la fi de juliol de 2006, mentre que les inspeccions que aporta en l&#8217;expedient sancionador el Govern valenci\u00e0 s\u00f3n d&#8217;abril de 2006, \u00e9s a dir, quasi tres mesos abans de l&#8217;entrada en vigor de la llei. Ras i curt: primer actuen i despr\u00e9s fan la norma. O dit en termes jur\u00eddics: vulneraci\u00f3 d&#8217;un principi b\u00e0sic del dret, el principi de la irretroactivitat de les normes.<\/p>\n<p>En segon lloc, el procediment \u00e9s engegat per un \u00f2rgan manifestament incompetent, ja que la Generalitat Valenciana no t\u00e9 compet\u00e8ncies en mat\u00e8ria de telecomunicacions, d&#8217;acord amb la Constituci\u00f3 espanyola. A m\u00e9s, les freq\u00fc\u00e8ncies o canals a qu\u00e8 al\u00b7ludeix l&#8217;expedient s\u00f3n de titularitat estatal i no han estat assignats en cap cas a la Generalitat Valenciana. De fet, ni el ministre Clos ni el president Camps han aportat cap document que done fe de la cessi\u00f3. Ans al contrari: hi ha un document del Ministeri d&#8217;Ind\u00fastria on s&#8217;afirma que les freq\u00fc\u00e8ncies per les quals s&#8217;emeten els canals de la CCMA al Pa\u00eds Valenci\u00e0 s\u00f3n de titularitat exclusiva de l&#8217;Estat.<\/p>\n<p>I, per acabar-ho d&#8217;arrodonir, els articles de la Llei 1\/2006 amb els quals es justifica l&#8217;expedient sancionador es troben, en el moment d&#8217;iniciar-lo, impugnats per l&#8217;Estat per possible inconstitucionalitat i a hores d&#8217;ara estan pendents de sent\u00e8ncia en el Tribunal Constitucional. \u00c9s a dir, que si el Tribunal Constitucional es pronuncia en contra del Govern Valenci\u00e0, la suposada base legal per a fer el tancament de les emissions haur\u00e0 estat declarada inconstitucional i, per tant, nul\u00b7les de ple dret totes les actuacions fetes emparant-se en aquella norma.<\/p>\n<p>Finalment, el Govern valenci\u00e0 desobeeix la Llei general de telecomunicacions (llei estatal), que regula l&#8217;espectre radioel\u00e8ctric i n&#8217;atribueix la titularitat a l&#8217;Estat, com tamb\u00e9 la compet\u00e8ncia per a atorgar el dret d&#8217;\u00fas del domini p\u00fablic radioel\u00e8ctric i els canals o freq\u00fc\u00e8ncies, tot aix\u00f2 d&#8217;acord amb el Pla t\u00e8cnic nacional de la televisi\u00f3 digital terrestre <span class=\"versaleta\">(tdt)<\/span>. I segons aquest pla, els canals pels quals emeten el canals de la <span class=\"versaleta\">ccma<\/span> als Pa\u00eds Valenci\u00e0 no han estat assignats a cap comunitat aut\u00f2noma, cosa que implica que s\u00f3n de titularitat estatal i, per tant, el Govern Valenci\u00e0 no hi t\u00e9 cap compet\u00e8ncia.<\/p>\n<p>Aix\u00ed doncs, la presumible il\u00b7legalitat \u00e9s, si m\u00e9s no, discutida, i actualment i en el moment de fer el tancament dels repetidors es troba en seu judicial (el Tribunal Constitucional, d&#8217;una banda, i el Tribunal Superior de Just\u00edcia valenci\u00e0, d&#8217;una altra), pendent de resoluci\u00f3. A m\u00e9s, i davant d&#8217;un cas com aquest on el que hi ha en joc \u00e9s la llibertat d&#8217;expressi\u00f3 i el dret a informar-se mitjan\u00e7ant unes cadenes televisives p\u00fabliques, fer servir l&#8217;argument d&#8217;una suposada il\u00b7legalitat encara resulta m\u00e9s sagnant.<\/p>\n<p>Per tot aix\u00f2, no s&#8217;ent\u00e9n que d&#8217;entrada i sabent quin \u00e9s el tarann\u00e0 del Govern valenci\u00e0, es done amb tanta facilitat una credibilitat absoluta a les seues actuacions i acusacions. O no s\u00f3n il\u00b7legals les emissions de Punt 2 que es fan mitjan\u00e7ant el repetidor de la mateixa serra Perenxisa on justament es troba tamb\u00e9 el de <span class=\"versaleta\">TV3<\/span>? O no s\u00f3n il\u00b7legals els diversos canals de contingut pornogr\u00e0fic que es troben a diari en l&#8217;espai radioel\u00e8ctric valenci\u00e0? O no han funcionat de manera il\u00b7legal moltes de les televisions d&#8217;empreses i persones afins al <span class=\"versaleta\">pp<\/span>? Si ens posem a tancar, tanquem-les totes!<\/p>\n<p>El <span class=\"versaleta\">pp<\/span> fa, massa sovint i des de molt de temps, demag\u00f2gia amb els seus arguments al Pa\u00eds Valenci\u00e0 i a fora. El que sorpr\u00e8n, per\u00f2, \u00e9s que els responsables pol\u00edtics del Govern de l&#8217;Estat i del Govern de Catalunya encara no ho hagen ent\u00e8s, o no ho hagen volgut entendre, i assumesquen els seus arguments, sense ni tan sols intentar rebatre&#8217;ls ni per la via pol\u00edtica ni per la via jur\u00eddica. El Govern espanyol, mitjan\u00e7ant el seu ministre d&#8217;Ind\u00fastria, i els partits que li donen suport, no poden donar-los per bons sense m\u00e9s, perqu\u00e8 els raonaments jur\u00eddics no els avalen. Els tics dictatorials del <span class=\"versaleta\">pp<\/span> i del seu govern, tampoc. No fer res i fer veure que no es pot fer res, els fa c\u00f2mplices d&#8217;aquest govern. O es combat la irracionalitat del Govern valenci\u00e0 o s&#8217;hi actua amb complicitat. Per\u00f2 que l&#8217;excusa no siga la il\u00b7legalitat.<\/p>\n<hr \/>\n<p>Alfons Esteve \u00e9s advocat i t\u00e8cnic ling\u00fc\u00edstic de la Universitat de Val\u00e8ncia.\n<\/p><\/blockquote>\n","protected":false},"excerpt":{"rendered":"<p>De tot el proc\u00e9s que ha mampr\u00e9s l&#8217;actual president de la Generalitat valenciana Francisco Camps contra la reemissi\u00f3 de tv3 al Pa\u00eds Valenci\u00e0 i, per tant, contra els ciutadans i ciutadanes que volen triar eixes emissions (per la llengua, pels continguts o per la qualitat), encara en traurem un benefici, si m\u00e9s no, que consistir\u00e0 [&hellip;]<\/p>\n","protected":false},"author":2,"featured_media":0,"comment_status":"open","ping_status":"open","sticky":false,"template":"","format":"standard","meta":{"footnotes":""},"categories":[36,2,4,1,19,24,34],"tags":[100,435,461],"class_list":["post-276","post","type-post","status-publish","format-standard","hentry","category-allofobia","category-comunicacio","category-dret","category-general","category-politica","category-requisit-linguistic","category-tv3","tag-censura","tag-sentencies","tag-tdt"],"_links":{"self":[{"href":"https:\/\/www.cdlpv.org\/dtl\/wp-json\/wp\/v2\/posts\/276","targetHints":{"allow":["GET"]}}],"collection":[{"href":"https:\/\/www.cdlpv.org\/dtl\/wp-json\/wp\/v2\/posts"}],"about":[{"href":"https:\/\/www.cdlpv.org\/dtl\/wp-json\/wp\/v2\/types\/post"}],"author":[{"embeddable":true,"href":"https:\/\/www.cdlpv.org\/dtl\/wp-json\/wp\/v2\/users\/2"}],"replies":[{"embeddable":true,"href":"https:\/\/www.cdlpv.org\/dtl\/wp-json\/wp\/v2\/comments?post=276"}],"version-history":[{"count":0,"href":"https:\/\/www.cdlpv.org\/dtl\/wp-json\/wp\/v2\/posts\/276\/revisions"}],"wp:attachment":[{"href":"https:\/\/www.cdlpv.org\/dtl\/wp-json\/wp\/v2\/media?parent=276"}],"wp:term":[{"taxonomy":"category","embeddable":true,"href":"https:\/\/www.cdlpv.org\/dtl\/wp-json\/wp\/v2\/categories?post=276"},{"taxonomy":"post_tag","embeddable":true,"href":"https:\/\/www.cdlpv.org\/dtl\/wp-json\/wp\/v2\/tags?post=276"}],"curies":[{"name":"wp","href":"https:\/\/api.w.org\/{rel}","templated":true}]}}