{"id":2754,"date":"2013-10-01T14:13:38","date_gmt":"2013-10-01T12:13:38","guid":{"rendered":"http:\/\/www.cdlpv.org\/dtl\/?p=2754"},"modified":"2013-10-01T14:13:38","modified_gmt":"2013-10-01T12:13:38","slug":"la-carta-de-liec-en-castella","status":"publish","type":"post","link":"https:\/\/www.cdlpv.org\/dtl\/2013\/10\/01\/la-carta-de-liec-en-castella\/","title":{"rendered":"La carta de l&#8217;IEC en castell\u00e0"},"content":{"rendered":"<p>La revista <em>El Temps<\/em> va publicar fa unes setmanes <a href=\"http:\/\/www.eltemps.cat\/article\/1531\/Pere-Maria-Orts-Si-hagueren-descobert-America-els-catalans-haurien-acabat-parlant-indi\" target=\"_blank\">(03.09.2013)<\/a> una entrevista de V\u00edctor Maceda amb Pere Maria Orts que cont\u00e9 diversos passatges ben interessants, fins i tot inquietants:<\/p>\n<blockquote><p><strong>\u2014A trav\u00e9s de l\u2019AVL, la Generalitat vol instar la RAE a modificar la definici\u00f3 de <em>valenciano<\/em> que apareix al seu diccionari perqu\u00e8 esmenta textualment el catal\u00e0.<\/strong><\/p>\n<p>\u2014Aix\u00f2 \u00e9s una ximpleria, una ximpleria; jo deixaria les coses com estan&#8230; I ja posats a fer, us dir\u00e9 una altra ximpleria: a causa de l\u2019article dels top\u00f2nims, mirant de consensuar si es posen amb maj\u00fascula o no i en quins casos, un catedr\u00e0tic de l\u2019AVL va escriure al IEC perqu\u00e8 ens digueren qu\u00e8 feien ells. Sabeu qu\u00e8 han fet?<\/p>\n<p><strong>\u2014No.<\/strong><\/p>\n<p>\u2014Ens han contestat en castell\u00e0! Si aquell paper m\u2019arriba a les mans, els el torne l\u2019endem\u00e0 al mat\u00ed, per correu urgent i certificat! Si aquells senyors s\u2019han cregut que som igual que l\u2019Argentina per als castellans, van molt errats. Em va semblar un menyspreu absolut, una manca de sentit de la realitat! I una manca d\u2019educaci\u00f3, tamb\u00e9. Aix\u00f2 no es fa! Si una persona m\u2019escriu en castell\u00e0, jo li conteste en castell\u00e0, i si alg\u00fa ve a casa i em parla en castell\u00e0, primerament li parle en valenci\u00e0, per\u00f2 si veig que continua parlant-me en castell\u00e0, me\u2019n passe de seguida. No em cau b\u00e9 all\u00f2 de parlar en dues lleng\u00fces distintes. Jo he rebut cartes en catal\u00e0 i en valenci\u00e0 vulgar, i quan les he respostes, no he dit als destinataris que han escrit malament a\u00e7\u00f2, all\u00f2 i all\u00f2 altre. Cal tenir crian\u00e7a, per\u00f2 aquells del IEC, de crian\u00e7a, no en tenen gens.<\/p>\n<p><strong>\u2014Esteu molt molest.<\/strong><\/p>\n<p>\u2014Molt\u00edssim! Ja em va molestar molt que ara fa poc el president del IEC [Salvador Giner] diguera que fins i tot es reuniria amb el dimoni, per\u00f2 que mai no ho faria amb el president de l\u2019AVL [Ramon Ferrer]. Per\u00f2 quin dimoni? Escolteu, que ja estem farts d\u2019anar a Barcelona i que la gent canvie al castell\u00e0 en sentir-nos parlar valenci\u00e0.<\/p>\n<p><strong>\u2014Potser es pensen que us esforceu a parlar catal\u00e0 i us ho volen fer m\u00e9s f\u00e0cil.<\/strong><\/p>\n<p>\u2014No, no; ho fan per <em>fastidiar<\/em>. Conec molta gent de Barcelona amb qui parle en catal\u00e0 sense cap problema, per\u00f2 uns altres ens veuen com els valencianets&#8230; Per a tots ells, el Regne de Val\u00e8ncia \u00e9s com Hispanoam\u00e8rica per als espanyols. Les coses cal dir-les tal com s\u00f3n, i m\u2019ha of\u00e8s molt\u00edssim aquesta contestaci\u00f3 en castell\u00e0. La persona a qui ho han enviat no els ha respost, per\u00f2 jo ho hauria fet l\u2019endem\u00e0 mateix.<\/p><\/blockquote>\n<p>En el n\u00famero d&#8217;esta setmana de la revista una carta de l&#8217;Institut d&#8217;Estudis Catalans desf\u00e0 el malent\u00e9s (o l&#8217;engany) en qu\u00e8 havia caigut l&#8217;erudit valenci\u00e0. La carta existia, efectivament, per\u00f2 no anava adre\u00e7ada a l&#8217;Acad\u00e8mia Valenciana de la Llengua sin\u00f3 a una entitat topon\u00edmica estatal espanyola que t\u00e9 com a llengua de treball el castell\u00e0. A pesar de les consideracions de Pere Maria Orts, la realitat ens permet llevar-mos un poc de victimisme de damunt.<\/p>\n","protected":false},"excerpt":{"rendered":"<p>La revista El Temps va publicar fa unes setmanes (03.09.2013) una entrevista de V\u00edctor Maceda amb Pere Maria Orts que cont\u00e9 diversos passatges ben interessants, fins i tot inquietants: \u2014A trav\u00e9s de l\u2019AVL, la Generalitat vol instar la RAE a modificar la definici\u00f3 de valenciano que apareix al seu diccionari perqu\u00e8 esmenta textualment el catal\u00e0. [&hellip;]<\/p>\n","protected":false},"author":2,"featured_media":0,"comment_status":"open","ping_status":"open","sticky":false,"template":"","format":"standard","meta":{"footnotes":""},"categories":[36,38,1,46,19,27],"tags":[417],"class_list":["post-2754","post","type-post","status-publish","format-standard","hentry","category-allofobia","category-avl","category-general","category-iec","category-politica","category-sociolinguistica","tag-revistes"],"_links":{"self":[{"href":"https:\/\/www.cdlpv.org\/dtl\/wp-json\/wp\/v2\/posts\/2754","targetHints":{"allow":["GET"]}}],"collection":[{"href":"https:\/\/www.cdlpv.org\/dtl\/wp-json\/wp\/v2\/posts"}],"about":[{"href":"https:\/\/www.cdlpv.org\/dtl\/wp-json\/wp\/v2\/types\/post"}],"author":[{"embeddable":true,"href":"https:\/\/www.cdlpv.org\/dtl\/wp-json\/wp\/v2\/users\/2"}],"replies":[{"embeddable":true,"href":"https:\/\/www.cdlpv.org\/dtl\/wp-json\/wp\/v2\/comments?post=2754"}],"version-history":[{"count":0,"href":"https:\/\/www.cdlpv.org\/dtl\/wp-json\/wp\/v2\/posts\/2754\/revisions"}],"wp:attachment":[{"href":"https:\/\/www.cdlpv.org\/dtl\/wp-json\/wp\/v2\/media?parent=2754"}],"wp:term":[{"taxonomy":"category","embeddable":true,"href":"https:\/\/www.cdlpv.org\/dtl\/wp-json\/wp\/v2\/categories?post=2754"},{"taxonomy":"post_tag","embeddable":true,"href":"https:\/\/www.cdlpv.org\/dtl\/wp-json\/wp\/v2\/tags?post=2754"}],"curies":[{"name":"wp","href":"https:\/\/api.w.org\/{rel}","templated":true}]}}