{"id":275,"date":"2008-01-07T14:43:50","date_gmt":"2008-01-07T13:43:50","guid":{"rendered":"http:\/\/www.cdlpv.org\/dtl\/?p=275"},"modified":"2008-01-07T14:43:50","modified_gmt":"2008-01-07T13:43:50","slug":"nova-sentencia-del-tsj-que-avala-la-titulacio-de-filologia-catalana-en-les-oposicions","status":"publish","type":"post","link":"https:\/\/www.cdlpv.org\/dtl\/2008\/01\/07\/nova-sentencia-del-tsj-que-avala-la-titulacio-de-filologia-catalana-en-les-oposicions\/","title":{"rendered":"Nova sent\u00e8ncia del TSJ que avala la titulaci\u00f3 de filologia catalana en les oposicions"},"content":{"rendered":"<p>Alfons Esteve ens envia la informaci\u00f3 seg\u00fcent:<\/p>\n<blockquote>\n<h2>Tretzena sent\u00e8ncia consecutiva del Tribunal Superior de Just\u00edcia del Pa\u00eds Valenci\u00e0 que reconeix el t\u00edtol de Filologia Catalana i la denominaci\u00f3 de catal\u00e0<\/h2>\n<p>El Tribunal Superior de Just\u00edcia del Pa\u00eds Valenci\u00e0 ha estimat el recurs interposat per les universitats de Val\u00e8ncia i Alacant contra les ordres de la Conselleria de Cultura, Educaci\u00f3 i Esports de 13 de mar\u00e7 de 2006 que no reconeixien la titulaci\u00f3 de Filologia Catalana per acreditar el coneixement de valenci\u00e0 en les oposicions als cossos docents no universitaris.<\/p>\n<p>A m\u00e9s, el Tribunal, seguint els mateixos arguments que la Sent\u00e8ncia n\u00fam. 75\/1997 del Tribunal Constitucional, avala la doble denominaci\u00f3 de <em>valenci\u00e0<\/em> i <em>catal\u00e0<\/em> per al nom de la llengua del Pa\u00eds Valenci\u00e0: \u00aboficialmente \u201cvalenciana\u201d en su Estatuto de Autonom\u00eda, y en el \u00e1mbito acad\u00e9mico \u201ccatalana\u201d\u00bb.<\/p>\n<p>La sent\u00e8ncia n\u00fam. 1233\/07, de 10 de desembre, de la Sala Contenciosa Administrativa, Secci\u00f3 Segona \u00e9s la tretzena sent\u00e8ncia consecutiva del Tribunal Superior de Just\u00edcia valenci\u00e0, i la quinzena si tenim em compte que sobre aquest punt hi ha tamb\u00e9 un pronunciament del Tribunal Constitucional (sent\u00e8ncia 21 d\u2019abril) i un del  Tribunal Suprem (sent\u00e8ncia de 15 de mar\u00e7 de 2006).\n<\/p><\/blockquote>\n","protected":false},"excerpt":{"rendered":"<p>Alfons Esteve ens envia la informaci\u00f3 seg\u00fcent: Tretzena sent\u00e8ncia consecutiva del Tribunal Superior de Just\u00edcia del Pa\u00eds Valenci\u00e0 que reconeix el t\u00edtol de Filologia Catalana i la denominaci\u00f3 de catal\u00e0 El Tribunal Superior de Just\u00edcia del Pa\u00eds Valenci\u00e0 ha estimat el recurs interposat per les universitats de Val\u00e8ncia i Alacant contra les ordres de la [&hellip;]<\/p>\n","protected":false},"author":2,"featured_media":0,"comment_status":"open","ping_status":"open","sticky":false,"template":"","format":"standard","meta":{"footnotes":""},"categories":[10,1,14,15,18,24],"tags":[],"class_list":["post-275","post","type-post","status-publish","format-standard","hentry","category-formacio","category-general","category-jurisprudencia","category-laboral","category-oposicions","category-requisit-linguistic"],"_links":{"self":[{"href":"https:\/\/www.cdlpv.org\/dtl\/wp-json\/wp\/v2\/posts\/275","targetHints":{"allow":["GET"]}}],"collection":[{"href":"https:\/\/www.cdlpv.org\/dtl\/wp-json\/wp\/v2\/posts"}],"about":[{"href":"https:\/\/www.cdlpv.org\/dtl\/wp-json\/wp\/v2\/types\/post"}],"author":[{"embeddable":true,"href":"https:\/\/www.cdlpv.org\/dtl\/wp-json\/wp\/v2\/users\/2"}],"replies":[{"embeddable":true,"href":"https:\/\/www.cdlpv.org\/dtl\/wp-json\/wp\/v2\/comments?post=275"}],"version-history":[{"count":0,"href":"https:\/\/www.cdlpv.org\/dtl\/wp-json\/wp\/v2\/posts\/275\/revisions"}],"wp:attachment":[{"href":"https:\/\/www.cdlpv.org\/dtl\/wp-json\/wp\/v2\/media?parent=275"}],"wp:term":[{"taxonomy":"category","embeddable":true,"href":"https:\/\/www.cdlpv.org\/dtl\/wp-json\/wp\/v2\/categories?post=275"},{"taxonomy":"post_tag","embeddable":true,"href":"https:\/\/www.cdlpv.org\/dtl\/wp-json\/wp\/v2\/tags?post=275"}],"curies":[{"name":"wp","href":"https:\/\/api.w.org\/{rel}","templated":true}]}}