{"id":2748,"date":"2013-09-25T14:19:54","date_gmt":"2013-09-25T12:19:54","guid":{"rendered":"http:\/\/www.cdlpv.org\/dtl\/?p=2748"},"modified":"2013-09-25T14:19:54","modified_gmt":"2013-09-25T12:19:54","slug":"elx-contra-la-discriminacio-linguistica","status":"publish","type":"post","link":"https:\/\/www.cdlpv.org\/dtl\/2013\/09\/25\/elx-contra-la-discriminacio-linguistica\/","title":{"rendered":"Elx contra la discriminaci\u00f3 ling\u00fc\u00edstica"},"content":{"rendered":"<p>El diari <a href=\"http:\/\/www.elpuntavui.cat\/noticia\/article\/2-societat\/5-societat\/679777-concentracio-a-la-comissaria-delx-per-denunciar-la-discriminacio-lingueistica.html\" target=\"_blank\"><em>Avui<\/em> <\/a>ens informa d&#8217;una iniciativa reivindicativa, que malauradament sembla \u00faltimament ben necess\u00e0ria:<\/p>\n<blockquote>\n<h1>Elx denunciar\u00e0 la discriminaci\u00f3 ling\u00fc\u00edstica<\/h1>\n<h3>El Tempir ha convocat per al pr\u00f2xim 1 d&#8217;octubre una concentraci\u00f3 davant la comissaria de la policia espanyola<\/h3>\n<h3>La convocat\u00f2ria t\u00e9 autoritzaci\u00f3 de la subdelegaci\u00f3 de Govern<\/h3>\n<h3>L&#8217;entitat assegura que els \u00faltims casos del Pa\u00eds Valenci\u00e0 palesen que l&#8217;objectiu de les autoritats \u00e9s \u00abhumiliar\u00bb els valencianoparlants<\/h3>\n<p>23\/09\/13 08:37 &#8211; Elx &#8211; Daniel Betoret<\/p><\/blockquote>\n<blockquote><p>Els darrers casos de discriminaci\u00f3 ling\u00fc\u00edstica que han patit ciutadans del Pa\u00eds Valenci\u00e0 per expressar-se en la seua llengua tindran una contundent resposta en forma de concentraci\u00f3 el proper dimarts 1 d&#8217;octubre a les 17.30 hores i ser\u00e0 davant la comiss\u00e0ria de la policia espanyola a Elx.<\/p><\/blockquote>\n","protected":false},"excerpt":{"rendered":"<p>El diari Avui ens informa d&#8217;una iniciativa reivindicativa, que malauradament sembla \u00faltimament ben necess\u00e0ria: Elx denunciar\u00e0 la discriminaci\u00f3 ling\u00fc\u00edstica El Tempir ha convocat per al pr\u00f2xim 1 d&#8217;octubre una concentraci\u00f3 davant la comissaria de la policia espanyola La convocat\u00f2ria t\u00e9 autoritzaci\u00f3 de la subdelegaci\u00f3 de Govern L&#8217;entitat assegura que els \u00faltims casos del Pa\u00eds Valenci\u00e0 [&hellip;]<\/p>\n","protected":false},"author":2,"featured_media":0,"comment_status":"open","ping_status":"open","sticky":false,"template":"","format":"standard","meta":{"footnotes":""},"categories":[36,1,19,27],"tags":[152,299],"class_list":["post-2748","post","type-post","status-publish","format-standard","hentry","category-allofobia","category-general","category-politica","category-sociolinguistica","tag-discriminacio","tag-manifestacions"],"_links":{"self":[{"href":"https:\/\/www.cdlpv.org\/dtl\/wp-json\/wp\/v2\/posts\/2748","targetHints":{"allow":["GET"]}}],"collection":[{"href":"https:\/\/www.cdlpv.org\/dtl\/wp-json\/wp\/v2\/posts"}],"about":[{"href":"https:\/\/www.cdlpv.org\/dtl\/wp-json\/wp\/v2\/types\/post"}],"author":[{"embeddable":true,"href":"https:\/\/www.cdlpv.org\/dtl\/wp-json\/wp\/v2\/users\/2"}],"replies":[{"embeddable":true,"href":"https:\/\/www.cdlpv.org\/dtl\/wp-json\/wp\/v2\/comments?post=2748"}],"version-history":[{"count":0,"href":"https:\/\/www.cdlpv.org\/dtl\/wp-json\/wp\/v2\/posts\/2748\/revisions"}],"wp:attachment":[{"href":"https:\/\/www.cdlpv.org\/dtl\/wp-json\/wp\/v2\/media?parent=2748"}],"wp:term":[{"taxonomy":"category","embeddable":true,"href":"https:\/\/www.cdlpv.org\/dtl\/wp-json\/wp\/v2\/categories?post=2748"},{"taxonomy":"post_tag","embeddable":true,"href":"https:\/\/www.cdlpv.org\/dtl\/wp-json\/wp\/v2\/tags?post=2748"}],"curies":[{"name":"wp","href":"https:\/\/api.w.org\/{rel}","templated":true}]}}