{"id":274,"date":"2008-01-03T15:42:16","date_gmt":"2008-01-03T14:42:16","guid":{"rendered":"http:\/\/www.cdlpv.org\/dtl\/?p=274"},"modified":"2008-01-03T15:42:16","modified_gmt":"2008-01-03T14:42:16","slug":"la-inversio-en-politica-linguistica-per-al-2008","status":"publish","type":"post","link":"https:\/\/www.cdlpv.org\/dtl\/2008\/01\/03\/la-inversio-en-politica-linguistica-per-al-2008\/","title":{"rendered":"La inversi\u00f3 en pol\u00edtica ling\u00fc\u00edstica per al 2008"},"content":{"rendered":"<p>Fa poc m\u00e9s d&#8217;un any, expos\u00e0vem les inversions d&#8217;alguns governs en planificaci\u00f3 ling\u00fc\u00edstica <a href=\"http:\/\/www.cdlpv.org\/dtl\/?p=23\" target=\"_blank\">[<span class=\"versaleta\"><em>dtl<\/em>, 23.11.2006<\/span>]<\/a>, i el resultat era aclaridor quant a la realitat de les previsions del govern valenci\u00e0 pel que fa a la gesti\u00f3 dels drets dels ciutadans valencians.<\/p>\n<p>Enguany no hem analitzat encara quina \u00e9s la inversi\u00f3 que diu que dur\u00e0 a terme Francisco Camps en eixe \u00e0mbit \u2014i caldr\u00e0 vore a qu\u00e8 dedica els 300.000 euros que pret\u00e9n recaptar amb la multa \u00abcoercitiva\u00bb que ha imposat per reemetre en catal\u00e0 (amb la <span class=\"versaleta\">tv3<\/span>) al Pa\u00eds Valenci\u00e0\u2014. Podem avan\u00e7ar que els bascs, que es trobaven ben per davant en la inversi\u00f3 dedicada al foment del coneixement i l&#8217;\u00fas de l&#8217;\u00e8uscar, han incrementat bastant m\u00e9s el seu pressupost que el govern valenci\u00e0.<\/p>\n<p>D&#8217;altra banda, i com a dada indicativa de com funcionen les coses en la concepci\u00f3 pol\u00edtica del dirigents del <span class=\"versaleta\">pp<\/span>, descobrim que els fets desmentixen les seues paraules: tant el projecte de pressuposts (accessible en el web de la <a href=\"\" target=\"_blank\">Conselleria d&#8217;Economia<\/a>) com la Llei 15\/2007 (publicada en el <span class=\"versaleta\"><em>docv<\/em><\/span> <a href=\"https:\/\/www.docv.gva.es\/portal\/portal\/2007\/12\/31\/pdf\/2007_15838.pdf\" target=\"_blank\"><span class=\"versaleta\">[pdf]<\/span><\/a>) estan complets \u00fanicament en castell\u00e0 per\u00f2 no en valenci\u00e0, fet que convertix en ret\u00f2rica buida \u2014sarcasme o cinisme\u2014 totes les declaracions que es poden llegir al llarg del projecte de  pressuposts:<\/p>\n<blockquote><p>\nPrograma 111.40: \u00abLa informaci\u00f3n de car\u00e1cter jur\u00eddico-administrativa, con valor a\u00f1adido y en las lenguas oficiales, haci\u00e9ndola accesible por medios telem\u00e1ticos tanto a profesionales como a la ciudadan\u00eda, promoviendo el conocimiento y uso del valenciano.\u00bb<\/p>\n<p>Programa 112.20: \u00abPublicidad de las Normas, Disposiciones, Actos Administrativos, Anuncios, etc. de la Generalitat, as\u00ed como publicaciones de inter\u00e9s institucional para la ciudadan\u00eda de la Comunitat Valenciana, promoviendo el conocimiento y uso del valenciano.\u00bb; objectiu b\u00e0sic 1.2: \u00abMejorar el uso del valenciano en la actividad del Consell.\u00bb<\/p>\n<p>Programa 126.20: \u00abPresencia del valenciano en las actuaciones jur\u00eddicas de la Generalitat, y su utilizaci\u00f3n en sus relaciones de comunicaci\u00f3n y atenci\u00f3n a la ciudadan\u00eda y personas usuarias.\u00bb<\/p>\n[etc\u00e8tera, etc\u00e8tera]\n<\/p><\/blockquote>\n<p>La not\u00edcia sobre el cas basc \u00e9s del diari <em>El Pa\u00eds<\/em> <a href=\"http:\/\/www.elpais.com\/articulo\/pais\/vasco\/Cultura\/destinara\/millones\/impulsar\/uso\/euskera\/elpepuesppvs\/20080103elpvas_4\/Tes\" target=\"_blank\">(03.01.2008)<\/a>:<\/p>\n<blockquote>\n<h2>Cultura destinar\u00e0 70 milions a impulsar l&#8217;\u00fas de l&#8217;\u00e8uscar<\/h2>\n<h5>I. M. &#8211; Sant Sebasti\u00e0 &#8211; 03.01.2008<\/h5>\n<p>La Viceconselleria de Pol\u00edtica Ling\u00fc\u00edstica i l&#8217;institut per a l&#8217;ensenyament del basc a adults HABE, entitats ambdues dependents del Departament de Cultura, gestionaran enguany un pressupost de 70 milions d&#8217;euros, dels quals 50 milions es destinaran a subvencionar iniciatives dirigides a impulsar l&#8217;aprenentatge i \u00fas de l&#8217;\u00e8uscar.<\/p>\n<p>El pressupost de Pol\u00edtica Ling\u00fc\u00edstica puja a 54,4 milions d&#8217;euros, quantitat que suposa un increment del 6,5&nbsp;% pel que fa a 2007. HABE tindr\u00e0 42,9 milions (quasi 28 procedixen de l&#8217;aportaci\u00f3 de la viceconselleria), que representa un 6,9&nbsp;% m\u00e9s que el passat exercici.<\/p>\n<p>\u00abPer sobre de colors pol\u00edtics\u00bb, l&#8217;objectiu del govern passa perqu\u00e8 l&#8217;\u00e8uscar \u00absupere el marc escolar i tinga cada vegada m\u00e9s pres\u00e8ncia en el carrer, en l&#8217;\u00e0mbit laboral, en Internet, en les activitats d&#8217;oci, en els mitjans de comunicaci\u00f3, en l&#8217;\u00e0mbit familiar i en les relacions d&#8217;amistat i comunit\u00e0ries\u00bb, va subratllar ahir el viceconseller Patxi Baztarrika. Per aix\u00f2, els pressuposts estan dissenyats per a \u00abpromoure i garantir les condicions per a l&#8217;\u00fas de l&#8217;\u00e8uscar\u00bb, va afegir.<\/p>\n<p>Les convocat\u00f2ries d&#8217;ajudes ja han estat publicades. El termini de sol\u00b7licitud conclour\u00e0 el 15 de febrer. \u00abPer primera vegada quedaran resoltes en el primer quadrimestre\u00bb, va destacar Baztarrika. L&#8217;executiu ha reservat 1,3 milions a entitats privades que promocionen l&#8217;\u00fas de l&#8217;\u00e8uscar en la societat. Altres 5,7 milions aniran a parar a mitjans de comunicaci\u00f3 que editen o emeten en llengua basca. L&#8217;impuls d&#8217;este idioma en les empreses privades es subvencionar\u00e0 amb 2,6 milions, mentres que 1,7 es destinar\u00e0 a ajuntaments i entitats locals. Enguany, a m\u00e9s, comen\u00e7ar\u00e0 a caminar l&#8217;Institut Etxepare, amb la finalitat de difondre la llengua i la cultura basques en l&#8217;\u00e0mbit internacional.\n<\/p><\/blockquote>\n","protected":false},"excerpt":{"rendered":"<p>Fa poc m\u00e9s d&#8217;un any, expos\u00e0vem les inversions d&#8217;alguns governs en planificaci\u00f3 ling\u00fc\u00edstica [dtl, 23.11.2006], i el resultat era aclaridor quant a la realitat de les previsions del govern valenci\u00e0 pel que fa a la gesti\u00f3 dels drets dels ciutadans valencians. Enguany no hem analitzat encara quina \u00e9s la inversi\u00f3 que diu que dur\u00e0 a [&hellip;]<\/p>\n","protected":false},"author":2,"featured_media":0,"comment_status":"open","ping_status":"open","sticky":false,"template":"","format":"standard","meta":{"footnotes":""},"categories":[1,47,19,21,28],"tags":[108,141,252,368,383],"class_list":["post-274","post","type-post","status-publish","format-standard","hentry","category-general","category-planificacio","category-politica","category-pressuposts","category-subvencions","tag-comparativa","tag-despesa","tag-inversio","tag-planificacio","tag-pressupost"],"_links":{"self":[{"href":"https:\/\/www.cdlpv.org\/dtl\/wp-json\/wp\/v2\/posts\/274","targetHints":{"allow":["GET"]}}],"collection":[{"href":"https:\/\/www.cdlpv.org\/dtl\/wp-json\/wp\/v2\/posts"}],"about":[{"href":"https:\/\/www.cdlpv.org\/dtl\/wp-json\/wp\/v2\/types\/post"}],"author":[{"embeddable":true,"href":"https:\/\/www.cdlpv.org\/dtl\/wp-json\/wp\/v2\/users\/2"}],"replies":[{"embeddable":true,"href":"https:\/\/www.cdlpv.org\/dtl\/wp-json\/wp\/v2\/comments?post=274"}],"version-history":[{"count":0,"href":"https:\/\/www.cdlpv.org\/dtl\/wp-json\/wp\/v2\/posts\/274\/revisions"}],"wp:attachment":[{"href":"https:\/\/www.cdlpv.org\/dtl\/wp-json\/wp\/v2\/media?parent=274"}],"wp:term":[{"taxonomy":"category","embeddable":true,"href":"https:\/\/www.cdlpv.org\/dtl\/wp-json\/wp\/v2\/categories?post=274"},{"taxonomy":"post_tag","embeddable":true,"href":"https:\/\/www.cdlpv.org\/dtl\/wp-json\/wp\/v2\/tags?post=274"}],"curies":[{"name":"wp","href":"https:\/\/api.w.org\/{rel}","templated":true}]}}