{"id":273,"date":"2008-01-02T08:42:29","date_gmt":"2008-01-02T07:42:29","guid":{"rendered":"http:\/\/www.cdlpv.org\/dtl\/?p=273"},"modified":"2008-01-02T08:42:29","modified_gmt":"2008-01-02T07:42:29","slug":"jqcv-grau-mitja-lleguatge-administratiu-i-als-mitjans-de-comunicacio","status":"publish","type":"post","link":"https:\/\/www.cdlpv.org\/dtl\/2008\/01\/02\/jqcv-grau-mitja-lleguatge-administratiu-i-als-mitjans-de-comunicacio\/","title":{"rendered":"JQCV: grau mitj\u00e0 , llenguatge administratiu i als mitjans de comunicaci\u00f3"},"content":{"rendered":"<p>El <span class=\"versaleta\">cidaj<\/span> ens envia la informaci\u00f3 seg\u00fcent:<\/p>\n<p>RESOLUCI\u00f3 de 14 de desembre de 2007, de la presidenta de la Junta Qualificadora de Coneixements de Valenci\u00e0, per la qual es fan p\u00fabliques les llistes de resultats provisionals de les proves de grau mitj\u00e0  de coneixements de valenci\u00e0, i de capacitaci\u00f3 t\u00e8cnica: llenguatge administratiu i llenguatge als mitjans de comunicaci\u00f3. [2007\/15513] (<span class=\"versaleta\"><em>docv<\/em><\/span> n\u00fam. 5&nbsp;667, de 26.12.2007)<br \/>\n&#8211; <a href=\"http:\/\/www.pre.gva.es\/L\/BASIS\/BDLGVPU\/WEB\/LEV_LISTADOS_TEXTO\/DDW?W%3DSIGNATURA_N=15881+AND+SIGNATURA_A=2007%26R%3DN\" target=\"_blank\">vegeu text<\/a><\/p>\n","protected":false},"excerpt":{"rendered":"<p>El cidaj ens envia la informaci\u00f3 seg\u00fcent: RESOLUCI\u00f3 de 14 de desembre de 2007, de la presidenta de la Junta Qualificadora de Coneixements de Valenci\u00e0, per la qual es fan p\u00fabliques les llistes de resultats provisionals de les proves de grau mitj\u00e0 de coneixements de valenci\u00e0, i de capacitaci\u00f3 t\u00e8cnica: llenguatge administratiu i llenguatge als [&hellip;]<\/p>\n","protected":false},"author":2,"featured_media":0,"comment_status":"open","ping_status":"open","sticky":false,"template":"","format":"standard","meta":{"footnotes":""},"categories":[10,1],"tags":[111,259,311,313,391],"class_list":["post-273","post","type-post","status-publish","format-standard","hentry","category-formacio","category-general","tag-coneixement","tag-jqcv","tag-mitja","tag-mitjans-de-comunicacio","tag-proves"],"_links":{"self":[{"href":"https:\/\/www.cdlpv.org\/dtl\/wp-json\/wp\/v2\/posts\/273","targetHints":{"allow":["GET"]}}],"collection":[{"href":"https:\/\/www.cdlpv.org\/dtl\/wp-json\/wp\/v2\/posts"}],"about":[{"href":"https:\/\/www.cdlpv.org\/dtl\/wp-json\/wp\/v2\/types\/post"}],"author":[{"embeddable":true,"href":"https:\/\/www.cdlpv.org\/dtl\/wp-json\/wp\/v2\/users\/2"}],"replies":[{"embeddable":true,"href":"https:\/\/www.cdlpv.org\/dtl\/wp-json\/wp\/v2\/comments?post=273"}],"version-history":[{"count":0,"href":"https:\/\/www.cdlpv.org\/dtl\/wp-json\/wp\/v2\/posts\/273\/revisions"}],"wp:attachment":[{"href":"https:\/\/www.cdlpv.org\/dtl\/wp-json\/wp\/v2\/media?parent=273"}],"wp:term":[{"taxonomy":"category","embeddable":true,"href":"https:\/\/www.cdlpv.org\/dtl\/wp-json\/wp\/v2\/categories?post=273"},{"taxonomy":"post_tag","embeddable":true,"href":"https:\/\/www.cdlpv.org\/dtl\/wp-json\/wp\/v2\/tags?post=273"}],"curies":[{"name":"wp","href":"https:\/\/api.w.org\/{rel}","templated":true}]}}