{"id":2721,"date":"2013-06-27T18:36:46","date_gmt":"2013-06-27T16:36:46","guid":{"rendered":"http:\/\/www.cdlpv.org\/dtl\/?p=2721"},"modified":"2013-06-27T18:36:46","modified_gmt":"2013-06-27T16:36:46","slug":"despesa-en-politica-linguistica-9","status":"publish","type":"post","link":"https:\/\/www.cdlpv.org\/dtl\/2013\/06\/27\/despesa-en-politica-linguistica-9\/","title":{"rendered":"Despesa en pol\u00edtica ling\u00fc\u00edstica (9)"},"content":{"rendered":"<p align=\"left\">Continuant amb la tasca d&#8217;informaci\u00f3 sobre la inversi\u00f3 del govern valenci\u00e0 en pol\u00edtica ling\u00fc\u00edstica, hem revisat les xifres dels pressuposts anteriors relatius a la despesa del programa 422.50 (promoci\u00f3 i \u00fas del valenci\u00e0) i hem precisat les xifres que hav\u00edem recollit en l&#8217;apunt anterior, on no hav\u00edem tingut en compte el detall important de la difer\u00e8ncia entre el que proposava el projecte de llei i la llei de pressuposts una vegada aprovada. Hem procurat ser m\u00e9s exactes esta vegada i el resultat \u00e9s el seg\u00fcent:<\/p>\n<div align=\"center\">\n<table border=\"0\" cellspacing=\"0\" cellpadding=\"0\">\n<tbody>\n<tr>\n<td style=\"text-align: center;\" width=\"47\"><\/td>\n<td width=\"85\">\n<div align=\"center\">Pressupost<\/div>\n<\/td>\n<td width=\"85\">\n<div style=\"text-align: center;\" align=\"center\">Variaci\u00f3<\/div>\n<\/td>\n<td width=\"104\">\n<div align=\"center\">% de variaci\u00f3<\/div>\n<\/td>\n<\/tr>\n<tr>\n<td width=\"47\">\n<div align=\"center\">2006<\/div>\n<\/td>\n<td width=\"85\">\n<div align=\"right\">6.457.880<\/div>\n<\/td>\n<td width=\"85\">\n<div align=\"right\">&#8212;<\/div>\n<\/td>\n<td width=\"104\">\n<div align=\"right\">&#8212;<\/div>\n<\/td>\n<\/tr>\n<tr>\n<td width=\"47\">\n<div align=\"center\">2007<\/div>\n<\/td>\n<td width=\"85\">\n<div align=\"right\">6.765.440<\/div>\n<\/td>\n<td width=\"85\">\n<div align=\"right\">304.560<\/div>\n<\/td>\n<td width=\"104\">\n<div align=\"right\">4,76<\/div>\n<\/td>\n<\/tr>\n<tr>\n<td width=\"47\">\n<div align=\"center\">2008<\/div>\n<\/td>\n<td width=\"85\">\n<div align=\"right\">6.790.550<\/div>\n<\/td>\n<td width=\"85\">\n<div align=\"right\">25.110<\/div>\n<\/td>\n<td width=\"104\">\n<div align=\"right\">0,37<\/div>\n<\/td>\n<\/tr>\n<tr>\n<td width=\"47\">\n<div align=\"center\">2009<\/div>\n<\/td>\n<td width=\"85\">\n<div align=\"right\">7.001.760<\/div>\n<\/td>\n<td width=\"85\">\n<div align=\"right\">211.210<\/div>\n<\/td>\n<td width=\"104\">\n<div align=\"right\">3,11<\/div>\n<\/td>\n<\/tr>\n<tr>\n<td width=\"47\">\n<div align=\"center\">2010<\/div>\n<\/td>\n<td width=\"85\">\n<div align=\"right\">6.155.750<\/div>\n<\/td>\n<td width=\"85\">\n<div align=\"right\">-846010<\/div>\n<\/td>\n<td width=\"104\">\n<div align=\"right\">-12,08<\/div>\n<\/td>\n<\/tr>\n<tr>\n<td width=\"47\">\n<div align=\"center\">2011<\/div>\n<\/td>\n<td width=\"85\">\n<div align=\"right\">6.629.940<\/div>\n<\/td>\n<td width=\"85\">\n<div align=\"right\">474.190<\/div>\n<\/td>\n<td width=\"104\">\n<div align=\"right\">7,70<\/div>\n<\/td>\n<\/tr>\n<tr>\n<td width=\"47\">\n<div align=\"center\">2012<\/div>\n<\/td>\n<td width=\"85\">\n<div align=\"right\">5.926.020<\/div>\n<\/td>\n<td width=\"85\">\n<div align=\"right\">-703.920<\/div>\n<\/td>\n<td width=\"104\">\n<div align=\"right\">-10.61<\/div>\n<\/td>\n<\/tr>\n<tr>\n<td width=\"47\">\n<div align=\"center\">2013<\/div>\n<\/td>\n<td width=\"85\">\n<div align=\"right\">4.834.530<\/div>\n<\/td>\n<td width=\"85\">\n<div align=\"right\">-1.091.490<\/div>\n<\/td>\n<td width=\"104\">\n<div align=\"right\">-20.10<\/div>\n<\/td>\n<\/tr>\n<\/tbody>\n<\/table>\n<\/div>\n<p align=\"left\">En el mateix per\u00edode, el govern del Pa\u00eds Basc ha invertit una mitjana de vora el triple d&#8217;euros en la promoci\u00f3 del basc, i de fent, enguany (veg. <a href=\"http:\/\/www.irekia.euskadi.net\/es\/search\/748030\" target=\"_blank\">Irekia<\/a>):<\/p>\n<blockquote>\n<h2>La Viceconsejer\u00eda de Pol\u00edtica Ling\u00fc\u00edstica destinar\u00e1 m\u00e1s de 41 millones de euros a las convocatorias de subvenciones<\/h2>\n<\/blockquote>\n","protected":false},"excerpt":{"rendered":"<p>Continuant amb la tasca d&#8217;informaci\u00f3 sobre la inversi\u00f3 del govern valenci\u00e0 en pol\u00edtica ling\u00fc\u00edstica, hem revisat les xifres dels pressuposts anteriors relatius a la despesa del programa 422.50 (promoci\u00f3 i \u00fas del valenci\u00e0) i hem precisat les xifres que hav\u00edem recollit en l&#8217;apunt anterior, on no hav\u00edem tingut en compte el detall important de la [&hellip;]<\/p>\n","protected":false},"author":2,"featured_media":0,"comment_status":"open","ping_status":"open","sticky":false,"template":"","format":"standard","meta":{"footnotes":""},"categories":[1,47,19,21,28],"tags":[141,196],"class_list":["post-2721","post","type-post","status-publish","format-standard","hentry","category-general","category-planificacio","category-politica","category-pressuposts","category-subvencions","tag-despesa","tag-euscar"],"_links":{"self":[{"href":"https:\/\/www.cdlpv.org\/dtl\/wp-json\/wp\/v2\/posts\/2721","targetHints":{"allow":["GET"]}}],"collection":[{"href":"https:\/\/www.cdlpv.org\/dtl\/wp-json\/wp\/v2\/posts"}],"about":[{"href":"https:\/\/www.cdlpv.org\/dtl\/wp-json\/wp\/v2\/types\/post"}],"author":[{"embeddable":true,"href":"https:\/\/www.cdlpv.org\/dtl\/wp-json\/wp\/v2\/users\/2"}],"replies":[{"embeddable":true,"href":"https:\/\/www.cdlpv.org\/dtl\/wp-json\/wp\/v2\/comments?post=2721"}],"version-history":[{"count":0,"href":"https:\/\/www.cdlpv.org\/dtl\/wp-json\/wp\/v2\/posts\/2721\/revisions"}],"wp:attachment":[{"href":"https:\/\/www.cdlpv.org\/dtl\/wp-json\/wp\/v2\/media?parent=2721"}],"wp:term":[{"taxonomy":"category","embeddable":true,"href":"https:\/\/www.cdlpv.org\/dtl\/wp-json\/wp\/v2\/categories?post=2721"},{"taxonomy":"post_tag","embeddable":true,"href":"https:\/\/www.cdlpv.org\/dtl\/wp-json\/wp\/v2\/tags?post=2721"}],"curies":[{"name":"wp","href":"https:\/\/api.w.org\/{rel}","templated":true}]}}