{"id":2709,"date":"2013-05-15T15:30:24","date_gmt":"2013-05-15T14:30:24","guid":{"rendered":"http:\/\/www.cdlpv.org\/dtl\/?p=2709"},"modified":"2019-08-19T08:23:33","modified_gmt":"2019-08-19T07:23:33","slug":"una-llei-de-llengues-que-atempta-contra-les-llengues","status":"publish","type":"post","link":"https:\/\/www.cdlpv.org\/dtl\/2013\/05\/15\/una-llei-de-llengues-que-atempta-contra-les-llengues\/","title":{"rendered":"Una llei de lleng\u00fces que atempta contra les lleng\u00fces"},"content":{"rendered":"<p>La nova <a href=\"http:\/\/bases.cortesaragon.es\/bases\/boca2.nsf\/8624462dba822641c12567ad003ec605\/acb2c07dab7ae904c1257a6e0050f9f8?OpenDocument\" target=\"_blank\" rel=\"noopener noreferrer\">llei de lleng\u00fces de l&#8217;Arag\u00f3<\/a> i els pol\u00edtics que li han donat suport passaran segurament a la hist\u00f2ria, per\u00f2 a la de la ignom\u00ednia pol\u00edtica. Segons podem llegir en <em>Vilaweb<\/em> <a href=\"http:\/\/www.vilaweb.cat\/noticia\/4113792\/20130510\/corts-generals-corona-shi-parlava-catala.html\" target=\"_blank\" rel=\"noopener noreferrer\">(10.05.2013)<\/a>:<\/p>\n<blockquote>\n<h2>Les Corts de l&#8217;Arag\u00f3 consumen l&#8217;agressi\u00f3 al catal\u00e0 i l&#8217;aragon\u00e8s<\/h2>\n[&#8230;]\n<p>D&#8217;una banda, deroga la llei de lleng\u00fces anterior, que reconeixia el catal\u00e0 a la Franja de Ponent, tot i que hi mantenia l&#8217;espanyol com a \u00fanica llengua oficial. D&#8217;una altra banda, substitueix els noms del catal\u00e0 i l&#8217;aragon\u00e8s per eufemismes: el catal\u00e0 passa a dir-se &#8216;lengua aragonesa propia del \u00e1rea oriental&#8217; <span class=\"versaleta\">(lapao)<\/span> i l&#8217;aragon\u00e8s, &#8216;lengua aragonesa propia de las \u00e1reas pirenaica y prepirenaica&#8217; <span class=\"versaleta\">(lapapyp)<\/span>. A m\u00e9s a m\u00e9s, els top\u00f2nims en catal\u00e0 deixaran de ser oficials a la Franja.<\/p><\/blockquote>\n<p>Per contra, conv\u00e9 escoltar els discursos que mantenen la racionalitat i la dignitat de l&#8217;activitat pol\u00edtica, a m\u00e9s del m\u00ednim respecte pol\u00edtic i hum\u00e0 pels seus conciutadans. \u00c9s el cas de la intervenci\u00f3 de la representant de la Chunta Aragonesista contra la nova llei de lleng\u00fces.  <iframe loading=\"lazy\" src=\"http:\/\/player.vimeo.com\/video\/65807739?title=0&amp;byline=0&amp;portrait=0&amp;color=ff9933\" height=\"150\" width=\"200\" allowfullscreen=\"\" frameborder=\"0\" style=\"clear: right; float: right; margin-bottom: 1em; margin-top: 1em; margin-left: 1em;\"><\/iframe><\/p>\n<p>No cal dir que les pol\u00edtiques ling\u00fc\u00edstiques estatals (del Partit Popular i del Partit Socialista Obrer Espanyol) tenen molt a vore amb eixos desficacis legals i ling\u00fc\u00edstics (<em>Vilaweb<\/em>, <a href=\"http:\/\/www.vilaweb.cat\/noticia\/4112511\/20130506\/vuit-paisos-superen-espanya-nombre-destudiants-universitaris-catala.html\" target=\"_blank\" rel=\"noopener noreferrer\">06.05.2013<\/a>):<\/p>\n<blockquote><p>Vuit pa\u00efsos (Alemanya, el Regne Unit, Fran\u00e7a, It\u00e0lia, els Estats Units, S\u00e8rbia, la Rep\u00fablica Txeca i Hongria) superen Espanya en nombre d&#8217;estudiants de llengua catalana. Espanya ofereix l&#8217;ensenyament del catal\u00e0 en quatre universitats i t\u00e9 187 estudiants.<\/p><\/blockquote>\n","protected":false},"excerpt":{"rendered":"<p>La nova llei de lleng\u00fces de l&#8217;Arag\u00f3 i els pol\u00edtics que li han donat suport passaran segurament a la hist\u00f2ria, per\u00f2 a la de la ignom\u00ednia pol\u00edtica. Segons podem llegir en Vilaweb (10.05.2013): Les Corts de l&#8217;Arag\u00f3 consumen l&#8217;agressi\u00f3 al catal\u00e0 i l&#8217;aragon\u00e8s [&#8230;] D&#8217;una banda, deroga la llei de lleng\u00fces anterior, que reconeixia el [&hellip;]<\/p>\n","protected":false},"author":2,"featured_media":0,"comment_status":"open","ping_status":"open","sticky":false,"template":"","format":"standard","meta":{"footnotes":""},"categories":[36,37,3,4,1,19,27],"tags":[62,152],"class_list":["post-2709","post","type-post","status-publish","format-standard","hentry","category-allofobia","category-aragones","category-documentacio","category-dret","category-general","category-politica","category-sociolinguistica","tag-arago","tag-discriminacio"],"_links":{"self":[{"href":"https:\/\/www.cdlpv.org\/dtl\/wp-json\/wp\/v2\/posts\/2709","targetHints":{"allow":["GET"]}}],"collection":[{"href":"https:\/\/www.cdlpv.org\/dtl\/wp-json\/wp\/v2\/posts"}],"about":[{"href":"https:\/\/www.cdlpv.org\/dtl\/wp-json\/wp\/v2\/types\/post"}],"author":[{"embeddable":true,"href":"https:\/\/www.cdlpv.org\/dtl\/wp-json\/wp\/v2\/users\/2"}],"replies":[{"embeddable":true,"href":"https:\/\/www.cdlpv.org\/dtl\/wp-json\/wp\/v2\/comments?post=2709"}],"version-history":[{"count":1,"href":"https:\/\/www.cdlpv.org\/dtl\/wp-json\/wp\/v2\/posts\/2709\/revisions"}],"predecessor-version":[{"id":3573,"href":"https:\/\/www.cdlpv.org\/dtl\/wp-json\/wp\/v2\/posts\/2709\/revisions\/3573"}],"wp:attachment":[{"href":"https:\/\/www.cdlpv.org\/dtl\/wp-json\/wp\/v2\/media?parent=2709"}],"wp:term":[{"taxonomy":"category","embeddable":true,"href":"https:\/\/www.cdlpv.org\/dtl\/wp-json\/wp\/v2\/categories?post=2709"},{"taxonomy":"post_tag","embeddable":true,"href":"https:\/\/www.cdlpv.org\/dtl\/wp-json\/wp\/v2\/tags?post=2709"}],"curies":[{"name":"wp","href":"https:\/\/api.w.org\/{rel}","templated":true}]}}