{"id":2706,"date":"2013-05-09T20:30:16","date_gmt":"2013-05-09T18:30:16","guid":{"rendered":"http:\/\/www.cdlpv.org\/dtl\/?p=2706"},"modified":"2013-05-09T20:30:16","modified_gmt":"2013-05-09T18:30:16","slug":"un-diccionari-al-servei-dunes-ideologies","status":"publish","type":"post","link":"https:\/\/www.cdlpv.org\/dtl\/2013\/05\/09\/un-diccionari-al-servei-dunes-ideologies\/","title":{"rendered":"Un diccionari al servei d&#8217;unes ideologies"},"content":{"rendered":"<p>Les fil\u00f2logues Silvia Senz i Montse Alberte han fet una tasca de recerca i d&#8217;explicitaci\u00f3 del posicionament ideol\u00f2gic en el vessant nacionalista que hi ha darrere de la tasca lexicogr\u00e0fica de la Real Academia Espa\u00f1ola. En resum, que la redacci\u00f3 de les definicions de les paraules de la llengua espanyola que recull el diccionari de la instituci\u00f3 \u00e9s una activitat que t\u00e9 molt de politiqueig i de posicionament ideol\u00f2gic no necess\u00e0riament democr\u00e0tic. Tal com assenyala Silvia Senz (<em>El Punt-Avui<\/em>, <a href=\"http:\/\/www.elpuntavui.cat\/noticia\/article\/3-politica\/17-politica\/620684-filologia-politica-espanyola.html\" target=\"_blank\">18.02.2013<\/a>):<\/p>\n<blockquote><p>\nLa <span class=\"versaleta\">rae<\/span> ha estat una eina al servei de l\u2019Estat centralitzat i homogene\u00eftzat, de la purificaci\u00f3 de la llengua, per\u00f2 tamb\u00e9 de substituci\u00f3 ling\u00fc\u00edstica, ja que es pot vetllar pel castell\u00e0 sense anar contra el catal\u00e0.\n<\/p><\/blockquote>\n<p>Una altra refer\u00e8ncia imprescindible de les mateixes autores sobre esta i altres q\u00fcestions pol\u00e8miques de l&#8217;activitat de la <span class=\"versaleta\">rae<\/span> \u00e9s el llibre <em>El dardo en la academia<\/em> (2011, editorial <a href=\"http:\/\/www.melusina.com\/libro.php?idg=47602\" target=\"_blank\">Melusina<\/a>).<\/p>\n","protected":false},"excerpt":{"rendered":"<p>Les fil\u00f2logues Silvia Senz i Montse Alberte han fet una tasca de recerca i d&#8217;explicitaci\u00f3 del posicionament ideol\u00f2gic en el vessant nacionalista que hi ha darrere de la tasca lexicogr\u00e0fica de la Real Academia Espa\u00f1ola. En resum, que la redacci\u00f3 de les definicions de les paraules de la llengua espanyola que recull el diccionari de [&hellip;]<\/p>\n","protected":false},"author":2,"featured_media":0,"comment_status":"open","ping_status":"open","sticky":false,"template":"","format":"standard","meta":{"footnotes":""},"categories":[41,4,1,16],"tags":[144,185,325],"class_list":["post-2706","post","type-post","status-publish","format-standard","hentry","category-castella","category-dret","category-general","category-lexicografia","tag-diccionaris","tag-espanyol","tag-nacionalisme"],"_links":{"self":[{"href":"https:\/\/www.cdlpv.org\/dtl\/wp-json\/wp\/v2\/posts\/2706","targetHints":{"allow":["GET"]}}],"collection":[{"href":"https:\/\/www.cdlpv.org\/dtl\/wp-json\/wp\/v2\/posts"}],"about":[{"href":"https:\/\/www.cdlpv.org\/dtl\/wp-json\/wp\/v2\/types\/post"}],"author":[{"embeddable":true,"href":"https:\/\/www.cdlpv.org\/dtl\/wp-json\/wp\/v2\/users\/2"}],"replies":[{"embeddable":true,"href":"https:\/\/www.cdlpv.org\/dtl\/wp-json\/wp\/v2\/comments?post=2706"}],"version-history":[{"count":0,"href":"https:\/\/www.cdlpv.org\/dtl\/wp-json\/wp\/v2\/posts\/2706\/revisions"}],"wp:attachment":[{"href":"https:\/\/www.cdlpv.org\/dtl\/wp-json\/wp\/v2\/media?parent=2706"}],"wp:term":[{"taxonomy":"category","embeddable":true,"href":"https:\/\/www.cdlpv.org\/dtl\/wp-json\/wp\/v2\/categories?post=2706"},{"taxonomy":"post_tag","embeddable":true,"href":"https:\/\/www.cdlpv.org\/dtl\/wp-json\/wp\/v2\/tags?post=2706"}],"curies":[{"name":"wp","href":"https:\/\/api.w.org\/{rel}","templated":true}]}}