{"id":2703,"date":"2013-05-02T15:30:04","date_gmt":"2013-05-02T13:30:04","guid":{"rendered":"http:\/\/www.cdlpv.org\/dtl\/?p=2703"},"modified":"2013-05-02T15:30:04","modified_gmt":"2013-05-02T13:30:04","slug":"professorat-de-catala-a-lexterior","status":"publish","type":"post","link":"https:\/\/www.cdlpv.org\/dtl\/2013\/05\/02\/professorat-de-catala-a-lexterior\/","title":{"rendered":"Professorat de catal\u00e0 a l&#8217;exterior"},"content":{"rendered":"<p>Marta Torres Vilatarsana ens envia a trav\u00e9s d&#8217;Infoz\u00e8fir la informaci\u00f3 seg\u00fcent:<\/p>\n<blockquote>\n<h2>Selecci\u00f3 de professorat de catal\u00e0 a l\u2019exterior 2013<\/h2>\n<p>A partir del 3 de maig s\u2019inicia el termini de presentaci\u00f3 de so&#320;licituds per a la convocat\u00f2ria de selecci\u00f3 de professorat de catal\u00e0 a les universitats de fora del domini ling\u00fc\u00edstic de la llengua catalana per al curs 2013-2014 organitzada per l\u2019Institut Ramon Llull. Amb aquesta convocat\u00f2ria comen\u00e7a el proc\u00e9s de selecci\u00f3 dels futurs docents d&#8217;estudis catalans a universitats d&#8217;Alemanya, Cro\u00e0cia, Estats Units, Fran\u00e7a, Hongria, It\u00e0lia, Israel, Portugal, Regne Unit i R\u00fassia.<\/p>\n<p>El termini de presentaci\u00f3 de so&#320;licituds \u00e9s del 3 al 17 de maig del 2013.<\/p>\n<p>Caldr\u00e0 que les persones aspirants emplenin el formulari en l\u00ednia disponible al web de l\u2019Institut Ramon Llull <em>(<a href=\"http:\/\/www.llull.cat\/catala\/aprendre_catala\/seleccio_professors_formularis.cfm\" target=\"_blank\">http:\/\/www.llull.cat\/catala\/aprendre_catala\/seleccio_professors_formularis.cfm<\/a>),<\/em> on hi ha tamb\u00e9 les bases de la convocat\u00f2ria, i adjuntin la documentaci\u00f3 requerida.<\/p>\n<p>Font:<br \/>\n\u00c0rea de Llengua i Universitats<br \/>\nInstitut Ramon Llull\n<\/p><\/blockquote>\n","protected":false},"excerpt":{"rendered":"<p>Marta Torres Vilatarsana ens envia a trav\u00e9s d&#8217;Infoz\u00e8fir la informaci\u00f3 seg\u00fcent: Selecci\u00f3 de professorat de catal\u00e0 a l\u2019exterior 2013 A partir del 3 de maig s\u2019inicia el termini de presentaci\u00f3 de so&#320;licituds per a la convocat\u00f2ria de selecci\u00f3 de professorat de catal\u00e0 a les universitats de fora del domini ling\u00fc\u00edstic de la llengua catalana per [&hellip;]<\/p>\n","protected":false},"author":2,"featured_media":0,"comment_status":"open","ping_status":"open","sticky":false,"template":"","format":"standard","meta":{"footnotes":""},"categories":[45,1,15],"tags":[247,500],"class_list":["post-2703","post","type-post","status-publish","format-standard","hentry","category-ensenyament","category-general","category-laboral","tag-institut-ramon-llull","tag-universitats"],"_links":{"self":[{"href":"https:\/\/www.cdlpv.org\/dtl\/wp-json\/wp\/v2\/posts\/2703","targetHints":{"allow":["GET"]}}],"collection":[{"href":"https:\/\/www.cdlpv.org\/dtl\/wp-json\/wp\/v2\/posts"}],"about":[{"href":"https:\/\/www.cdlpv.org\/dtl\/wp-json\/wp\/v2\/types\/post"}],"author":[{"embeddable":true,"href":"https:\/\/www.cdlpv.org\/dtl\/wp-json\/wp\/v2\/users\/2"}],"replies":[{"embeddable":true,"href":"https:\/\/www.cdlpv.org\/dtl\/wp-json\/wp\/v2\/comments?post=2703"}],"version-history":[{"count":0,"href":"https:\/\/www.cdlpv.org\/dtl\/wp-json\/wp\/v2\/posts\/2703\/revisions"}],"wp:attachment":[{"href":"https:\/\/www.cdlpv.org\/dtl\/wp-json\/wp\/v2\/media?parent=2703"}],"wp:term":[{"taxonomy":"category","embeddable":true,"href":"https:\/\/www.cdlpv.org\/dtl\/wp-json\/wp\/v2\/categories?post=2703"},{"taxonomy":"post_tag","embeddable":true,"href":"https:\/\/www.cdlpv.org\/dtl\/wp-json\/wp\/v2\/tags?post=2703"}],"curies":[{"name":"wp","href":"https:\/\/api.w.org\/{rel}","templated":true}]}}