{"id":270,"date":"2007-12-26T10:59:31","date_gmt":"2007-12-26T09:59:31","guid":{"rendered":"http:\/\/www.cdlpv.org\/dtl\/?p=270"},"modified":"2007-12-26T10:59:31","modified_gmt":"2007-12-26T09:59:31","slug":"ajudes-per-a-cursos-de-valencia-per-a-immigrants","status":"publish","type":"post","link":"https:\/\/www.cdlpv.org\/dtl\/2007\/12\/26\/ajudes-per-a-cursos-de-valencia-per-a-immigrants\/","title":{"rendered":"Ajudes per a cursos de valenci\u00e0 per a immigrants"},"content":{"rendered":"<p>El <span class=\"versaleta\">cidaj<\/span> ens fa arribar la informaci\u00f3 seg\u00fcent:<\/p>\n<p>RESOLUCI\u00d3 de 5 de desembre del 2007, de la Presid\u00e8ncia de l&#8217;Acad\u00e8mia Valenciana de la Llengua, per la qual es publica l&#8217;acord del Ple de l&#8217;Acad\u00e8mia Valenciana de la Llengua del 30 de novembre del 2007, pel qual es convoquen ajudes per a cursos de valenci\u00e0 adre\u00e7ats als immigrants. [2007\/15362] (<span class=\"versaleta\"><em>docv<\/em><\/span> n\u00fam. 5&nbsp;663, de 19.12.2007)<br \/>\n<a href=\"http:\/\/www.pre.gva.es\/L\/BASIS\/BDLGVPU\/WEB\/LEV_LISTADOS_TEXTO\/DDW?W%3DSIGNATURA_N=15635+AND+SIGNATURA_A=2007%26R%3DN\" target=\"_blank\">&#8211; vegeu text<\/a><\/p>\n","protected":false},"excerpt":{"rendered":"<p>El cidaj ens fa arribar la informaci\u00f3 seg\u00fcent: RESOLUCI\u00d3 de 5 de desembre del 2007, de la Presid\u00e8ncia de l&#8217;Acad\u00e8mia Valenciana de la Llengua, per la qual es publica l&#8217;acord del Ple de l&#8217;Acad\u00e8mia Valenciana de la Llengua del 30 de novembre del 2007, pel qual es convoquen ajudes per a cursos de valenci\u00e0 adre\u00e7ats [&hellip;]<\/p>\n","protected":false},"author":2,"featured_media":0,"comment_status":"open","ping_status":"open","sticky":false,"template":"","format":"standard","meta":{"footnotes":""},"categories":[38,10,1,47,24,28],"tags":[51,70,135,241],"class_list":["post-270","post","type-post","status-publish","format-standard","hentry","category-avl","category-formacio","category-general","category-planificacio","category-requisit-linguistic","category-subvencions","tag-ajudes","tag-avl","tag-cursos","tag-immigracio"],"_links":{"self":[{"href":"https:\/\/www.cdlpv.org\/dtl\/wp-json\/wp\/v2\/posts\/270","targetHints":{"allow":["GET"]}}],"collection":[{"href":"https:\/\/www.cdlpv.org\/dtl\/wp-json\/wp\/v2\/posts"}],"about":[{"href":"https:\/\/www.cdlpv.org\/dtl\/wp-json\/wp\/v2\/types\/post"}],"author":[{"embeddable":true,"href":"https:\/\/www.cdlpv.org\/dtl\/wp-json\/wp\/v2\/users\/2"}],"replies":[{"embeddable":true,"href":"https:\/\/www.cdlpv.org\/dtl\/wp-json\/wp\/v2\/comments?post=270"}],"version-history":[{"count":0,"href":"https:\/\/www.cdlpv.org\/dtl\/wp-json\/wp\/v2\/posts\/270\/revisions"}],"wp:attachment":[{"href":"https:\/\/www.cdlpv.org\/dtl\/wp-json\/wp\/v2\/media?parent=270"}],"wp:term":[{"taxonomy":"category","embeddable":true,"href":"https:\/\/www.cdlpv.org\/dtl\/wp-json\/wp\/v2\/categories?post=270"},{"taxonomy":"post_tag","embeddable":true,"href":"https:\/\/www.cdlpv.org\/dtl\/wp-json\/wp\/v2\/tags?post=270"}],"curies":[{"name":"wp","href":"https:\/\/api.w.org\/{rel}","templated":true}]}}