{"id":27,"date":"2006-12-23T22:44:11","date_gmt":"2006-12-23T20:44:11","guid":{"rendered":"http:\/\/www.cdlpv.org\/dtl\/?p=27"},"modified":"2006-12-23T22:44:11","modified_gmt":"2006-12-23T20:44:11","slug":"principis-per-al-nou-any","status":"publish","type":"post","link":"https:\/\/www.cdlpv.org\/dtl\/2006\/12\/23\/principis-per-al-nou-any\/","title":{"rendered":"Principis per al nou any"},"content":{"rendered":"<p>Com que s&#8217;acosten dates en qu\u00e8 decidirem segons quines coses impossibles de complir, em plau fer-me ress\u00f2 d&#8217;uns principis formulats per Joan Sol\u00e0 i Cortassa que s\u00f3n possibles de dur avant &mdash;ho fem ben sovint&mdash; i que poden tindre efectes ben positius, en nosaltres mateixos i en el nostre medi ambient ling\u00fc\u00edstic. Ac\u00ed van, doncs els bons principis (tret de l&#8217;<a href=\"http:\/\/www.avui.cat\/avui\/diari\/06\/nov\/09\/280773.htm\"><em>Avui<\/em><\/a>, 09.11.2006):<\/p>\n<blockquote><p>\nPrincipi de no-agressivitat. No ens hem d&#8217;enfrontar individualment persona a persona; no hi guanyem res ni nosaltres ni els altres, sin\u00f3 tot al contrari: ells i nosaltres en sortim escaldats, enrabiats. A part que les persones, en solitari, som molt febles.<\/p>\n<p>Principi de no-ren\u00fancia. En canvi, fora del cara a cara individual, es tracta de no renunciar mai al catal\u00e0: en una botiga, en un restaurant, en una entitat o en un acte p\u00fablic qualsevol. En aquests casos la sensaci\u00f3 d&#8217;agressivitat, d&#8217;incomoditat, \u00e9s ja molt m\u00e9s feble o fins i tot desapareix. I a m\u00e9s a m\u00e9s, en aquest cas ens protegeix la llei. I \u00e9s per aqu\u00ed que podem fer forat: anant escampant la voluntat de no cedir.<\/p>\n<p>Principi d&#8217;exig\u00e8ncia p\u00fablica. Davant els pol\u00edtics, davant les institucions, davant les entitats, es tracta d&#8217;exigir incondicionalment i implacablement almenys all\u00f2 que les lleis s&#8217;han dignat concedir-nos. Exigir que els pol\u00edtics ens facin recuperar la confian\u00e7a en nosaltres mateixos i ens facin respectables davant els altres. Cadasc\u00fa practicar\u00e0 aquest principi des de les seves possibilitats, des del seu lloc de feina o de responsabilitat, sense posar-s&#8217;hi pedres al fetge: simplement, apel\u00b7lant a la llei i als principis m\u00e9s elementals (sovint no escrits) del dret a la pr\u00f2pia personalitat. Sense ranc\u00fanies, sense aixecar la veu: amb tota la calma, per\u00f2 sense treva. Si un alumne d&#8217;Erasmus aixeca la m\u00e0 a classe demanant que el professor parli en castell\u00e0, tu l&#8217;aixecar\u00e0s demanant que parli en catal\u00e0: sense cap complex, sense vergonya, sense por, amb la consci\u00e8ncia clara que d\u00f3nes suport a la valentia del professor i al teu dret: \u00e9s un acte natural i digne. I seran les autoritats competents les que hi hauran de trobar la soluci\u00f3, no pas tu individualment. Si tots f\u00e9ssim aix\u00f2, us ben asseguro que les autoritats tamb\u00e9 actuarien o reaccionarien de tota una altra manera. Si pogu\u00e9ssim aplicar aix\u00f2 al cine, la difusi\u00f3 i la flexibilitat del catal\u00e0 tindrien un suport excepcional. Per\u00f2 aqu\u00ed jo no veig que s&#8217;hi pugui aplicar, simplement perqu\u00e8 <em>primum vivere<\/em>: aqu\u00ed s\u00f3n les autoritats que han de passar al davant.\n<\/p><\/blockquote>\n","protected":false},"excerpt":{"rendered":"<p>Com que s&#8217;acosten dates en qu\u00e8 decidirem segons quines coses impossibles de complir, em plau fer-me ress\u00f2 d&#8217;uns principis formulats per Joan Sol\u00e0 i Cortassa que s\u00f3n possibles de dur avant &mdash;ho fem ben sovint&mdash; i que poden tindre efectes ben positius, en nosaltres mateixos i en el nostre medi ambient ling\u00fc\u00edstic. Ac\u00ed van, doncs [&hellip;]<\/p>\n","protected":false},"author":2,"featured_media":0,"comment_status":"open","ping_status":"open","sticky":false,"template":"","format":"standard","meta":{"footnotes":""},"categories":[1,47,19],"tags":[],"class_list":["post-27","post","type-post","status-publish","format-standard","hentry","category-general","category-planificacio","category-politica"],"_links":{"self":[{"href":"https:\/\/www.cdlpv.org\/dtl\/wp-json\/wp\/v2\/posts\/27","targetHints":{"allow":["GET"]}}],"collection":[{"href":"https:\/\/www.cdlpv.org\/dtl\/wp-json\/wp\/v2\/posts"}],"about":[{"href":"https:\/\/www.cdlpv.org\/dtl\/wp-json\/wp\/v2\/types\/post"}],"author":[{"embeddable":true,"href":"https:\/\/www.cdlpv.org\/dtl\/wp-json\/wp\/v2\/users\/2"}],"replies":[{"embeddable":true,"href":"https:\/\/www.cdlpv.org\/dtl\/wp-json\/wp\/v2\/comments?post=27"}],"version-history":[{"count":0,"href":"https:\/\/www.cdlpv.org\/dtl\/wp-json\/wp\/v2\/posts\/27\/revisions"}],"wp:attachment":[{"href":"https:\/\/www.cdlpv.org\/dtl\/wp-json\/wp\/v2\/media?parent=27"}],"wp:term":[{"taxonomy":"category","embeddable":true,"href":"https:\/\/www.cdlpv.org\/dtl\/wp-json\/wp\/v2\/categories?post=27"},{"taxonomy":"post_tag","embeddable":true,"href":"https:\/\/www.cdlpv.org\/dtl\/wp-json\/wp\/v2\/tags?post=27"}],"curies":[{"name":"wp","href":"https:\/\/api.w.org\/{rel}","templated":true}]}}