{"id":2698,"date":"2013-04-26T14:28:31","date_gmt":"2013-04-26T12:28:31","guid":{"rendered":"http:\/\/www.cdlpv.org\/dtl\/?p=2698"},"modified":"2013-04-26T14:28:31","modified_gmt":"2013-04-26T12:28:31","slug":"ajudes-a-associacions-i-entitats-locals-2013","status":"publish","type":"post","link":"https:\/\/www.cdlpv.org\/dtl\/2013\/04\/26\/ajudes-a-associacions-i-entitats-locals-2013\/","title":{"rendered":"Ajudes a associacions i entitats locals (2013)"},"content":{"rendered":"<p>Ferran Isabel ens informa a trav\u00e9s de la llista Infoz\u00e8fir de la publicaci\u00f3 de dos convocat\u00f2ries d&#8217;ajudes a la promoci\u00f3 de l&#8217;\u00fas del valenci\u00e0:<\/p>\n<blockquote><p>\nOrdre 26\/2013, de 21 d\u2019abril, de la Conselleria d\u2019Educaci\u00f3, Cultura i Esport, per la qual es convoquen ajudes econ\u00f2miques per a les associacions c\u00edviques sense finalitat lucrativa i altres entitats, per al foment del valenci\u00e0 en 2013. <a href=\"http:\/\/www.docv.gva.es\/datos\/2013\/04\/26\/pdf\/2013_3951.pdf\" target=\"_blank\"><span class=\"versaleta\">[pdf]<\/span><\/a><\/p>\n<p>Ordre 25\/2013, de 21 d\u2019abril, de la Conselleria d\u2019Educaci\u00f3, Cultura i Esport, per la qual es convoquen ajudes econ\u00f2miques destinades a municipis i mancomunitats de municipis que realitzen activitats de promoci\u00f3 de l\u2019\u00fas del valenci\u00e0 durant l\u2019any 2013. <a href=\"http:\/\/www.docv.gva.es\/datos\/2013\/04\/26\/pdf\/2013_3946.pdf\" target=\"_blank\"><span class=\"versaleta\">[pdf]<\/span><\/a>\n<\/p><\/blockquote>\n","protected":false},"excerpt":{"rendered":"<p>Ferran Isabel ens informa a trav\u00e9s de la llista Infoz\u00e8fir de la publicaci\u00f3 de dos convocat\u00f2ries d&#8217;ajudes a la promoci\u00f3 de l&#8217;\u00fas del valenci\u00e0: Ordre 26\/2013, de 21 d\u2019abril, de la Conselleria d\u2019Educaci\u00f3, Cultura i Esport, per la qual es convoquen ajudes econ\u00f2miques per a les associacions c\u00edviques sense finalitat lucrativa i altres entitats, per [&hellip;]<\/p>\n","protected":false},"author":2,"featured_media":0,"comment_status":"open","ping_status":"open","sticky":false,"template":"","format":"standard","meta":{"footnotes":""},"categories":[1,28],"tags":[50,51,68],"class_list":["post-2698","post","type-post","status-publish","format-standard","hentry","category-general","category-subvencions","tag-administracio-local","tag-ajudes","tag-associacions"],"_links":{"self":[{"href":"https:\/\/www.cdlpv.org\/dtl\/wp-json\/wp\/v2\/posts\/2698","targetHints":{"allow":["GET"]}}],"collection":[{"href":"https:\/\/www.cdlpv.org\/dtl\/wp-json\/wp\/v2\/posts"}],"about":[{"href":"https:\/\/www.cdlpv.org\/dtl\/wp-json\/wp\/v2\/types\/post"}],"author":[{"embeddable":true,"href":"https:\/\/www.cdlpv.org\/dtl\/wp-json\/wp\/v2\/users\/2"}],"replies":[{"embeddable":true,"href":"https:\/\/www.cdlpv.org\/dtl\/wp-json\/wp\/v2\/comments?post=2698"}],"version-history":[{"count":0,"href":"https:\/\/www.cdlpv.org\/dtl\/wp-json\/wp\/v2\/posts\/2698\/revisions"}],"wp:attachment":[{"href":"https:\/\/www.cdlpv.org\/dtl\/wp-json\/wp\/v2\/media?parent=2698"}],"wp:term":[{"taxonomy":"category","embeddable":true,"href":"https:\/\/www.cdlpv.org\/dtl\/wp-json\/wp\/v2\/categories?post=2698"},{"taxonomy":"post_tag","embeddable":true,"href":"https:\/\/www.cdlpv.org\/dtl\/wp-json\/wp\/v2\/tags?post=2698"}],"curies":[{"name":"wp","href":"https:\/\/api.w.org\/{rel}","templated":true}]}}