{"id":2686,"date":"2013-04-25T20:30:31","date_gmt":"2013-04-25T18:30:31","guid":{"rendered":"http:\/\/www.cdlpv.org\/dtl\/?p=2686"},"modified":"2013-04-25T20:30:31","modified_gmt":"2013-04-25T18:30:31","slug":"la-manipulacion-de-la-linguistica-al-servicio-del-nacionalismo-espanolista","status":"publish","type":"post","link":"https:\/\/www.cdlpv.org\/dtl\/2013\/04\/25\/la-manipulacion-de-la-linguistica-al-servicio-del-nacionalismo-espanolista\/","title":{"rendered":"La manipulaci\u00f3 de la ling\u00fc\u00edstica al servei del nacionalisme espanyolista"},"content":{"rendered":"<p>Silvia Senz ens recorda el primer Pr\u00edncep d&#8217;Ast\u00faries a Puerto Rico, recompensa per haver establit l&#8217;espanyol com a \u00fanica llengua oficial de l&#8217;estat americ\u00e0. \u00abDoble moral\u00bb, en diu:<\/p>\n<blockquote><p>\n\u00abMientras en Espa\u00f1a no se escatima en batallas jur\u00eddicas y pol\u00edticas para garantizar que el castellano sea \u00fanica lengua oficial con m\u00e1ximos derechos de usarlo y deberes de conocerlo en toda Espa\u00f1a, se premia al mismo tiempo a Puerto Rico por declarar el espa\u00f1ol \u00fanico idioma oficial del pa\u00eds, rechazada la cooficialidad del ingl\u00e9s:\u00bb<\/p>\n<blockquote>\n<p class=\"nota\">s\u00e1bado, 20 de abril de 1991<\/p>\n<h2>El pueblo de Puerto Rico recibe el premio Pr\u00edncipe de Asturias de las Letras<\/h2>\n<p><a href=\"http:\/\/elpais.com\/diario\/1991\/04\/20\/cultura\/672098415_850215.html\n\" target=\"_blank\">http:\/\/elpais.com\/diario\/1991\/04\/20\/cultura\/672098415_850215.html<\/a>\n<\/p><\/blockquote>\n<\/blockquote>\n<p>A m\u00e9s, ens aporta documentaci\u00f3 sobre la diversitat ling\u00fc\u00edstica a Espanya:<\/p>\n<blockquote><p>\nJuan Carlos Moreno Cabrera: \u00abLa manipulaci\u00f3n de la ling\u00fc\u00edstica al servicio del nacionalismo espa\u00f1olista. El caso del andaluz en la fonolog\u00eda de la Nueva gram\u00e1tica de la RAE y la Asale\u00bb, en Actas de la de la 6a Hunta d&#8217;Ehkritoreh en Andal\u00fa, Sociedad para el Estudio del Andal\u00fa, Chiclana, 2012, pp. 12-29; en l\u00ednea: <a href=\"http:\/\/es.scribd.com\/doc\/116473742\/Libro-de-Actas-VI%C2%AA-Hunta-d-ehkritoreh-en-andalu\" target=\"_blank\">http:\/\/es.scribd.com\/doc\/116473742\/Libro-de-Actas-VI%C2%AA-Hunta-d-ehkritoreh-en-andalu<\/a>\n<\/p><\/blockquote>\n","protected":false},"excerpt":{"rendered":"<p>Silvia Senz ens recorda el primer Pr\u00edncep d&#8217;Ast\u00faries a Puerto Rico, recompensa per haver establit l&#8217;espanyol com a \u00fanica llengua oficial de l&#8217;estat americ\u00e0. \u00abDoble moral\u00bb, en diu: \u00abMientras en Espa\u00f1a no se escatima en batallas jur\u00eddicas y pol\u00edticas para garantizar que el castellano sea \u00fanica lengua oficial con m\u00e1ximos derechos de usarlo y deberes [&hellip;]<\/p>\n","protected":false},"author":2,"featured_media":0,"comment_status":"open","ping_status":"open","sticky":false,"template":"","format":"standard","meta":{"footnotes":""},"categories":[41,3,1,19,27],"tags":[325],"class_list":["post-2686","post","type-post","status-publish","format-standard","hentry","category-castella","category-documentacio","category-general","category-politica","category-sociolinguistica","tag-nacionalisme"],"_links":{"self":[{"href":"https:\/\/www.cdlpv.org\/dtl\/wp-json\/wp\/v2\/posts\/2686","targetHints":{"allow":["GET"]}}],"collection":[{"href":"https:\/\/www.cdlpv.org\/dtl\/wp-json\/wp\/v2\/posts"}],"about":[{"href":"https:\/\/www.cdlpv.org\/dtl\/wp-json\/wp\/v2\/types\/post"}],"author":[{"embeddable":true,"href":"https:\/\/www.cdlpv.org\/dtl\/wp-json\/wp\/v2\/users\/2"}],"replies":[{"embeddable":true,"href":"https:\/\/www.cdlpv.org\/dtl\/wp-json\/wp\/v2\/comments?post=2686"}],"version-history":[{"count":0,"href":"https:\/\/www.cdlpv.org\/dtl\/wp-json\/wp\/v2\/posts\/2686\/revisions"}],"wp:attachment":[{"href":"https:\/\/www.cdlpv.org\/dtl\/wp-json\/wp\/v2\/media?parent=2686"}],"wp:term":[{"taxonomy":"category","embeddable":true,"href":"https:\/\/www.cdlpv.org\/dtl\/wp-json\/wp\/v2\/categories?post=2686"},{"taxonomy":"post_tag","embeddable":true,"href":"https:\/\/www.cdlpv.org\/dtl\/wp-json\/wp\/v2\/tags?post=2686"}],"curies":[{"name":"wp","href":"https:\/\/api.w.org\/{rel}","templated":true}]}}