{"id":2682,"date":"2013-04-11T20:35:29","date_gmt":"2013-04-11T18:35:29","guid":{"rendered":"http:\/\/www.cdlpv.org\/dtl\/?p=2682"},"modified":"2013-04-11T20:35:29","modified_gmt":"2013-04-11T18:35:29","slug":"monolinguismes-impossibles","status":"publish","type":"post","link":"https:\/\/www.cdlpv.org\/dtl\/2013\/04\/11\/monolinguismes-impossibles\/","title":{"rendered":"Monoling\u00fcismes impossibles"},"content":{"rendered":"<p>La sent\u00e8ncia del Tribunal Superior de Just\u00edcia de Catalunya que sembla que ha pret\u00e9s <a href=\"http:\/\/www.diaridegirona.cat\/catalunya\/2013\/04\/10\/tsjc-esten-lus-del-castella-tota-laula-alumne-ho-demana\/612345.html\" target=\"_blank\">sentenciar<\/a> una mena de <em>supremacisme<\/em> ling\u00fc\u00edstic castell\u00e0 ha tingut repercussi\u00f3 en les corts espanyoles (<em>El Punt<\/em>, <a href=\"http:\/\/www.elpuntavui.cat\/noticia\/article\/3-politica\/17-politica\/635928-tarda-expulsat-de-la-tribuna-del-congres-per-parlar-en-catala.html\" target=\"_blank\">11.04.2013<\/a>):<\/p>\n<blockquote>\n<h2>Els tres diputats d&#8217;ERC, expulsats de la tribuna del Congr\u00e9s per parlar en catal\u00e0<\/h2>\n<h3>Joan Tarda, Alfred Bosch i Teresa Jord\u00e0 traslladen al Congr\u00e9s la interlocut\u00f2ria del TSJC i insten els diputats a parlar en catal\u00e0 si \u00abun sol diputat\u00bb ho demana<\/h3>\n<h3>El president de la cambra els crida a l&#8217;ordre perqu\u00e8 utilitzar el catal\u00e0 \u00abest\u00e0 prohibit pel Reglament\u00bb<\/h3>\n<\/blockquote>\n","protected":false},"excerpt":{"rendered":"<p>La sent\u00e8ncia del Tribunal Superior de Just\u00edcia de Catalunya que sembla que ha pret\u00e9s sentenciar una mena de supremacisme ling\u00fc\u00edstic castell\u00e0 ha tingut repercussi\u00f3 en les corts espanyoles (El Punt, 11.04.2013): Els tres diputats d&#8217;ERC, expulsats de la tribuna del Congr\u00e9s per parlar en catal\u00e0 Joan Tarda, Alfred Bosch i Teresa Jord\u00e0 traslladen al Congr\u00e9s [&hellip;]<\/p>\n","protected":false},"author":2,"featured_media":0,"comment_status":"open","ping_status":"open","sticky":false,"template":"","format":"standard","meta":{"footnotes":""},"categories":[1],"tags":[],"class_list":["post-2682","post","type-post","status-publish","format-standard","hentry","category-general"],"_links":{"self":[{"href":"https:\/\/www.cdlpv.org\/dtl\/wp-json\/wp\/v2\/posts\/2682","targetHints":{"allow":["GET"]}}],"collection":[{"href":"https:\/\/www.cdlpv.org\/dtl\/wp-json\/wp\/v2\/posts"}],"about":[{"href":"https:\/\/www.cdlpv.org\/dtl\/wp-json\/wp\/v2\/types\/post"}],"author":[{"embeddable":true,"href":"https:\/\/www.cdlpv.org\/dtl\/wp-json\/wp\/v2\/users\/2"}],"replies":[{"embeddable":true,"href":"https:\/\/www.cdlpv.org\/dtl\/wp-json\/wp\/v2\/comments?post=2682"}],"version-history":[{"count":0,"href":"https:\/\/www.cdlpv.org\/dtl\/wp-json\/wp\/v2\/posts\/2682\/revisions"}],"wp:attachment":[{"href":"https:\/\/www.cdlpv.org\/dtl\/wp-json\/wp\/v2\/media?parent=2682"}],"wp:term":[{"taxonomy":"category","embeddable":true,"href":"https:\/\/www.cdlpv.org\/dtl\/wp-json\/wp\/v2\/categories?post=2682"},{"taxonomy":"post_tag","embeddable":true,"href":"https:\/\/www.cdlpv.org\/dtl\/wp-json\/wp\/v2\/tags?post=2682"}],"curies":[{"name":"wp","href":"https:\/\/api.w.org\/{rel}","templated":true}]}}