{"id":2680,"date":"2013-04-11T18:26:28","date_gmt":"2013-04-11T16:26:28","guid":{"rendered":"http:\/\/www.cdlpv.org\/dtl\/?p=2680"},"modified":"2013-04-11T18:26:28","modified_gmt":"2013-04-11T16:26:28","slug":"avaluacio-de-la-normativa","status":"publish","type":"post","link":"https:\/\/www.cdlpv.org\/dtl\/2013\/04\/11\/avaluacio-de-la-normativa\/","title":{"rendered":"Avaluaci\u00f3 de la normativa"},"content":{"rendered":"<p>La Societat Catalana de Terminologia ens envia la convocat\u00f2ria seg\u00fcent:<\/p>\n<blockquote>\n<h2>I Jornada d&#8217;Estudi de la Implantaci\u00f3 de la Normativa<\/h2>\n<h3>Presentaci\u00f3<\/h3>\n<p>L\u2019objectiu de celebrar una jornada d\u2019estudi d\u2019implantaci\u00f3 de la normativa neix de la constataci\u00f3 recollida per diversos autors (Payrat\u00f3 1988; Boix, Payrat\u00f3 i Vila 1997; Mar\u00ed 2000; Mar\u00ed i Mestres, 2002; Bassols i Paloma (2002); Brunat <em>et al<\/em>. 2006 i 2009, entre d\u2019altres) sobre la necessitat de fer un seguiment de l\u2019aplicaci\u00f3 de les propostes normatives, i recollir, aix\u00ed, el testimoni de les Jornades per a la Cooperaci\u00f3 en l\u2019Estandarditzaci\u00f3 Ling\u00fc\u00edstica, organitzades per l\u2019Institut d\u2019Estudis Catalans els anys 1999 i 2000. En aquest sentit, la jornada que plantegem vol servir com a punt de trobada entre els \u00e0mbits acad\u00e8mic i professional per tal de plantejar els punts m\u00e9s conflictius en qu\u00e8 la normativa i l\u2019\u00fas s\u2019allunyen, fer un estat de la q\u00fcesti\u00f3 de com s\u2019ha fet el seguiment de la implantaci\u00f3 de la normativa i valorar la possibilitat de crear un observatori de la normativa catalana.<\/p>\n<p><b>Dades<\/b><br \/>\nJornada: 6 de juny de 2013<br \/>\nBarcelona, Universitat Pompeu Fabra (aula 52.023. Campus del Poblenou, Roc Boronat, 138)<br \/>\nPreinscripcions: del 2 d\u2019abril al 3 de maig<br \/>\nLa jornada \u00e9s d\u2019acc\u00e9s restringit i cal inscripci\u00f3 pr\u00e8via amb aquest formulari.[**]\nData de confirmaci\u00f3 de la inscripci\u00f3: 17 de maig<br \/>\nContacte: avalnorm (arrova) gmail (punt) com\n<\/p><\/blockquote>\n<p>M\u00e9s dades: <a href=\"http:\/\/blogs.iec.cat\/cruscat\/2013\/04\/08\/i-jornada-destudi-de-la-implantacio-de-la-normativa\/\" target=\"_blank\">Xarxa <span class=\"versaleta\">cruscat<\/span><\/a>.<\/p>\n","protected":false},"excerpt":{"rendered":"<p>La Societat Catalana de Terminologia ens envia la convocat\u00f2ria seg\u00fcent: I Jornada d&#8217;Estudi de la Implantaci\u00f3 de la Normativa Presentaci\u00f3 L\u2019objectiu de celebrar una jornada d\u2019estudi d\u2019implantaci\u00f3 de la normativa neix de la constataci\u00f3 recollida per diversos autors (Payrat\u00f3 1988; Boix, Payrat\u00f3 i Vila 1997; Mar\u00ed 2000; Mar\u00ed i Mestres, 2002; Bassols i Paloma (2002); [&hellip;]<\/p>\n","protected":false},"author":2,"featured_media":0,"comment_status":"open","ping_status":"open","sticky":false,"template":"","format":"standard","meta":{"footnotes":""},"categories":[2,10,1,17,22],"tags":[498,500],"class_list":["post-2680","post","type-post","status-publish","format-standard","hentry","category-comunicacio","category-formacio","category-general","category-normativa","category-recerca","tag-universitat-pompeu-fabra","tag-universitats"],"_links":{"self":[{"href":"https:\/\/www.cdlpv.org\/dtl\/wp-json\/wp\/v2\/posts\/2680","targetHints":{"allow":["GET"]}}],"collection":[{"href":"https:\/\/www.cdlpv.org\/dtl\/wp-json\/wp\/v2\/posts"}],"about":[{"href":"https:\/\/www.cdlpv.org\/dtl\/wp-json\/wp\/v2\/types\/post"}],"author":[{"embeddable":true,"href":"https:\/\/www.cdlpv.org\/dtl\/wp-json\/wp\/v2\/users\/2"}],"replies":[{"embeddable":true,"href":"https:\/\/www.cdlpv.org\/dtl\/wp-json\/wp\/v2\/comments?post=2680"}],"version-history":[{"count":0,"href":"https:\/\/www.cdlpv.org\/dtl\/wp-json\/wp\/v2\/posts\/2680\/revisions"}],"wp:attachment":[{"href":"https:\/\/www.cdlpv.org\/dtl\/wp-json\/wp\/v2\/media?parent=2680"}],"wp:term":[{"taxonomy":"category","embeddable":true,"href":"https:\/\/www.cdlpv.org\/dtl\/wp-json\/wp\/v2\/categories?post=2680"},{"taxonomy":"post_tag","embeddable":true,"href":"https:\/\/www.cdlpv.org\/dtl\/wp-json\/wp\/v2\/tags?post=2680"}],"curies":[{"name":"wp","href":"https:\/\/api.w.org\/{rel}","templated":true}]}}