{"id":268,"date":"2007-12-22T10:49:35","date_gmt":"2007-12-22T09:49:35","guid":{"rendered":"http:\/\/www.cdlpv.org\/dtl\/?p=268"},"modified":"2007-12-22T10:49:35","modified_gmt":"2007-12-22T09:49:35","slug":"els-editors-valencians-i-el-mercat-de-minims","status":"publish","type":"post","link":"https:\/\/www.cdlpv.org\/dtl\/2007\/12\/22\/els-editors-valencians-i-el-mercat-de-minims\/","title":{"rendered":"Les editorials valencianes i el mercat de m\u00ednims"},"content":{"rendered":"<p>Podem pensar que hi ha a les llibreries un nombre excessiu de llibres, sobretot si ens guiem per la qualitat que detectem i, paradoxalment, per <a href=\"http:\/\/invasiosubtil.blogspot.com\/2007\/12\/feres.html\" target=\"_blank\">l&#8217;abs\u00e8ncia<\/a> quasi absoluta de cr\u00edtiques negatives &mdash;i constructives&mdash; sobre cap llibre.<\/p>\n<p>Pel que sembla (<em>El Pa\u00eds<\/em>, 20.12.2007), l&#8217;oferta editorial dels editors del Pa\u00eds Valenci\u00e0 ha disminu\u00eft un 3,7&nbsp;% els \u00faltims tres anys (2.264 t\u00edtols). Quant als llibres en valenci\u00e0, la not\u00edcia del diari diu:<\/p>\n<blockquote><p>\nEls llibres en valenci\u00e0 van facturar 15 milions d&#8217;euros en 2006, que suposa un 14&nbsp;% m\u00e9s que en 2004. El 80&nbsp;% de les obres en valenci\u00e0 s\u00f3n textos no universitaris i llibres infantils i juvenils, fet que reflectix la notable depend\u00e8ncia que les lectures obligat\u00f2ries del sistema educatiu tenen sobre aquest sector. En 2006, l&#8217;edici\u00f3 en valenci\u00e0 va suposar el 28&nbsp;% del total de t\u00edtols i el 49&nbsp;% dels exemplars produ\u00efts.\n<\/p><\/blockquote>\n<p>Malauradament, l&#8217;actuaci\u00f3 de les administracions p\u00fabliques valencianes del Partit Popular consistix en tancar i retallar el mercat en valenci\u00e0 (comen\u00e7ant per la TV3, un aparador impagable que no tan sols desaprofiten, sin\u00f3 que volen negar als valencians), en contradicci\u00f3 amb les seues proclames liberals, un liberalisme paradoxalment proteccionista en tot el que afecta els seus privilegis particulars derivats d&#8217;un ab\u00fas de les majories que els atorga la petita democr\u00e0cia que tenim.<\/p>\n","protected":false},"excerpt":{"rendered":"<p>Podem pensar que hi ha a les llibreries un nombre excessiu de llibres, sobretot si ens guiem per la qualitat que detectem i, paradoxalment, per l&#8217;abs\u00e8ncia quasi absoluta de cr\u00edtiques negatives &mdash;i constructives&mdash; sobre cap llibre. Pel que sembla (El Pa\u00eds, 20.12.2007), l&#8217;oferta editorial dels editors del Pa\u00eds Valenci\u00e0 ha disminu\u00eft un 3,7&nbsp;% els \u00faltims [&hellip;]<\/p>\n","protected":false},"author":2,"featured_media":0,"comment_status":"open","ping_status":"open","sticky":false,"template":"","format":"standard","meta":{"footnotes":""},"categories":[2,5,1,47,27,34],"tags":[131,163,279,291,308,487],"class_list":["post-268","post","type-post","status-publish","format-standard","hentry","category-comunicacio","category-edicio","category-general","category-planificacio","category-sociolinguistica","category-tv3","tag-critica","tag-editorials","tag-literatura","tag-llibres","tag-mercat","tag-tv3"],"_links":{"self":[{"href":"https:\/\/www.cdlpv.org\/dtl\/wp-json\/wp\/v2\/posts\/268","targetHints":{"allow":["GET"]}}],"collection":[{"href":"https:\/\/www.cdlpv.org\/dtl\/wp-json\/wp\/v2\/posts"}],"about":[{"href":"https:\/\/www.cdlpv.org\/dtl\/wp-json\/wp\/v2\/types\/post"}],"author":[{"embeddable":true,"href":"https:\/\/www.cdlpv.org\/dtl\/wp-json\/wp\/v2\/users\/2"}],"replies":[{"embeddable":true,"href":"https:\/\/www.cdlpv.org\/dtl\/wp-json\/wp\/v2\/comments?post=268"}],"version-history":[{"count":0,"href":"https:\/\/www.cdlpv.org\/dtl\/wp-json\/wp\/v2\/posts\/268\/revisions"}],"wp:attachment":[{"href":"https:\/\/www.cdlpv.org\/dtl\/wp-json\/wp\/v2\/media?parent=268"}],"wp:term":[{"taxonomy":"category","embeddable":true,"href":"https:\/\/www.cdlpv.org\/dtl\/wp-json\/wp\/v2\/categories?post=268"},{"taxonomy":"post_tag","embeddable":true,"href":"https:\/\/www.cdlpv.org\/dtl\/wp-json\/wp\/v2\/tags?post=268"}],"curies":[{"name":"wp","href":"https:\/\/api.w.org\/{rel}","templated":true}]}}