{"id":267,"date":"2007-12-21T21:48:28","date_gmt":"2007-12-21T20:48:28","guid":{"rendered":"http:\/\/www.cdlpv.org\/dtl\/?p=267"},"modified":"2007-12-21T21:48:28","modified_gmt":"2007-12-21T20:48:28","slug":"belgica-amb-requisit-linguistic-sobre-la-propietat","status":"publish","type":"post","link":"https:\/\/www.cdlpv.org\/dtl\/2007\/12\/21\/belgica-amb-requisit-linguistic-sobre-la-propietat\/","title":{"rendered":"B\u00e8lgica amb requisit ling\u00fc\u00edstic sobre la propietat"},"content":{"rendered":"<p>La periodista Ana Carbajosa (<em>El Pa\u00eds<\/em>, <a href=\"http:\/\/www.elpais.com\/articulo\/internacional\/Belgica\/pone\/marcha\/meses\/Gobierno\/elpepiint\/20071220elpepiint_2\/Tes\" target=\"_blank\">20.12.2007<\/a>; tradu\u00efda amb l&#8217;ajuda de l&#8217;Internostrum) ens comenta un cas com un cab\u00e0s que s&#8217;esdev\u00e9 a B\u00e8lgica, eixe pa\u00eds amb r\u00e8gims ling\u00fc\u00edstics diversament discriminadors, pel que expliquen \u00faltimament els diaris, o potser \u00e9s que hi ha alguna cosa m\u00e9s a rascar per baix de les trifulgues ling\u00fc\u00edstiques. En tot cas, cal prendre&#8217;n nota, per si de cas volem vendre o comprar un tros a ca nostra, qualsevol dia ens ho impediran si no sabem parlar, posem per cas, espanyol, com sembla que volen alg\u00fa que diga la Constituci\u00f3&#8230; espanyola, \u00e9s clar. Se n&#8217;encarreguen molts notaris, jutges i registradors en l&#8217;actualitat.<\/p>\n<blockquote>\n<h2>Es ven terreny, nom\u00e9s per a qui parle flamenc<\/h2>\n<p>L&#8217;Ajuntament de Zaventem, una localitat de la perif\u00e8ria de Brussel\u00b7les, ha decidit que qui aspire a comprar terrenys municipals haur\u00e0 de parlar flamenc o estar disposat a aprendre&#8217;l. La mesura, aparentment extraterrestre en l&#8217;era del lliure mercat, respon a la campanya que els municipis flamencs que envolten Brussel\u00b7les van engegar fa ja temps per a protestar per l&#8217;arribada massiva a la zona de franc\u00f2fons a la recerca d&#8217;habitatges barats, sense intenci\u00f3 d&#8217;aprendre la llengua de la seua terra d&#8217;acollida.<\/p>\n<p>Zaventem posar\u00e0 en pr\u00e0ctica esta nova mesura prompte, quan s&#8217;efectue la venda de 76 parcel\u00b7les municipals, segons va explicar a l&#8217;ag\u00e8ncia de not\u00edcies belga un responsable de l&#8217;ajuntament. \u00abEs tracta d&#8217;un instrument important per a garantir el car\u00e0cter flamenc de municipis com Zaventem i d&#8217;afavorir la conviv\u00e8ncia entre els habitants del barri\u00bb, va explicar l&#8217;adjunt de l&#8217;alcalde, Eric Van Rompuy. Un consell municipal s&#8217;encarregar\u00e0 d&#8217;adjudicar els terrenys de la disc\u00f2rdia.<\/p>\n<p>L&#8217;\u00fanic diputat franc\u00f2fon del parlament regional, Christian Van Eyken, va presentar una protesta oficial davant el governador de la prov\u00edncia, per\u00f2 la seua queixa ha estat desestimada pel que Zaventem t\u00e9 ara mans lliures per a imposar el seu criteri.<\/p>\n<p>Zaventem pertany a la pol\u00e8mica circumscripci\u00f3 electoral de Bruxelles-Hal-Vilvorde, composta per desenes de municipis que envolten Brussel\u00b7les i situats en Flandes. Estes localitats es troben a cavall entre el nord de parla neerland\u00f2fona, el sud franc\u00f2fon i la biling\u00fce Brussel\u00b7les. Separar Bruxelles-Hal-Vilvorde de Brussel\u00b7les i eliminar les facilitats ling\u00fc\u00edstiques per als franc\u00f2fons que oferixen sis d&#8217;estos municipis &mdash;per a accedir a la just\u00edcia i als documents oficials&mdash;, aix\u00ed com la possibilitat que els franc\u00f2fons puguen votar a partits no flamencs, \u00e9s una de les principals reivindicacions del nacionalisme de Flandes.<\/p>\n<p>Els flamencs consideren fonamental l&#8217;escissi\u00f3 de Bruxelles-Hal-Vilvorde perqu\u00e8 la frontera ling\u00fc\u00edstica i pol\u00edtica que dividix el pa\u00eds entre el nord i el sud quede clarament definida. Esta mesura seguix a unes altres com l&#8217;adoptada pel municipi d&#8217;Emrchtem, on l&#8217;ajuntament ha prohibit que els xiquets parlen franc\u00e9s en l&#8217;escola, en classe o en el pati.\n<\/p><\/blockquote>\n","protected":false},"excerpt":{"rendered":"<p>La periodista Ana Carbajosa (El Pa\u00eds, 20.12.2007; tradu\u00efda amb l&#8217;ajuda de l&#8217;Internostrum) ens comenta un cas com un cab\u00e0s que s&#8217;esdev\u00e9 a B\u00e8lgica, eixe pa\u00eds amb r\u00e8gims ling\u00fc\u00edstics diversament discriminadors, pel que expliquen \u00faltimament els diaris, o potser \u00e9s que hi ha alguna cosa m\u00e9s a rascar per baix de les trifulgues ling\u00fc\u00edstiques. En tot [&hellip;]<\/p>\n","protected":false},"author":2,"featured_media":0,"comment_status":"open","ping_status":"open","sticky":false,"template":"","format":"standard","meta":{"footnotes":""},"categories":[36,4,1,47,19,24,27],"tags":[72,214,326,471,524],"class_list":["post-267","post","type-post","status-publish","format-standard","hentry","category-allofobia","category-dret","category-general","category-planificacio","category-politica","category-requisit-linguistic","category-sociolinguistica","tag-belgica","tag-frances","tag-neerlandes","tag-terrenys","tag-zaventem"],"_links":{"self":[{"href":"https:\/\/www.cdlpv.org\/dtl\/wp-json\/wp\/v2\/posts\/267","targetHints":{"allow":["GET"]}}],"collection":[{"href":"https:\/\/www.cdlpv.org\/dtl\/wp-json\/wp\/v2\/posts"}],"about":[{"href":"https:\/\/www.cdlpv.org\/dtl\/wp-json\/wp\/v2\/types\/post"}],"author":[{"embeddable":true,"href":"https:\/\/www.cdlpv.org\/dtl\/wp-json\/wp\/v2\/users\/2"}],"replies":[{"embeddable":true,"href":"https:\/\/www.cdlpv.org\/dtl\/wp-json\/wp\/v2\/comments?post=267"}],"version-history":[{"count":0,"href":"https:\/\/www.cdlpv.org\/dtl\/wp-json\/wp\/v2\/posts\/267\/revisions"}],"wp:attachment":[{"href":"https:\/\/www.cdlpv.org\/dtl\/wp-json\/wp\/v2\/media?parent=267"}],"wp:term":[{"taxonomy":"category","embeddable":true,"href":"https:\/\/www.cdlpv.org\/dtl\/wp-json\/wp\/v2\/categories?post=267"},{"taxonomy":"post_tag","embeddable":true,"href":"https:\/\/www.cdlpv.org\/dtl\/wp-json\/wp\/v2\/tags?post=267"}],"curies":[{"name":"wp","href":"https:\/\/api.w.org\/{rel}","templated":true}]}}