{"id":2669,"date":"2013-03-08T12:35:24","date_gmt":"2013-03-08T10:35:24","guid":{"rendered":"http:\/\/www.cdlpv.org\/dtl\/?p=2669"},"modified":"2013-03-08T12:35:24","modified_gmt":"2013-03-08T10:35:24","slug":"sentencia-sobre-la-titulacio-de-filologia-catalana","status":"publish","type":"post","link":"https:\/\/www.cdlpv.org\/dtl\/2013\/03\/08\/sentencia-sobre-la-titulacio-de-filologia-catalana\/","title":{"rendered":"Sent\u00e8ncia sobre la titulaci\u00f3 de filologia catalana"},"content":{"rendered":"<p>El <a href='http:\/\/www.acpv.cat\/web\/actualitat\/accio-cultural-guanya-una-nova-sentencia-front-al-govern-valencia-a-favor-del-reconeixement-del-titol-de-filologia-catalana-i-de-la-unitat-de-la-llengua'>web<\/a> d&#8217;Acci\u00f3 Cultural del Pa\u00eds Valenci\u00e0 ens informa d&#8217;una nova sent\u00e8ncia del tribunal superior valenci\u00e0:<\/p>\n<blockquote>\n<h2>Acci\u00f3 Cultural guanya una nova sent\u00e8ncia front al govern valenci\u00e0 a favor del reconeixement del t\u00edtol de filologia catalana i de la unitat de la llengua<\/h2>\n[&#8230;]\n<p>El Tribunal destaca, en els fonaments de dret de la seua sent\u00e8ncia, que \u00abes necesario referir que la cuesti\u00f3n que se plantea ha sido reiteradamente contemplada por pronunciamientos de esta misma Sala y Secci\u00f3n, que han podido ser considerados de forma favorable por el Tribunal Supremo y a lo expuesto hemos de estar por obvias razones de coherencia y seguridad jur\u00eddica\u00bb, en refer\u00e8ncia a la llarga llista de pronunciaments judicials favorables al posicionament d\u2019Acci\u00f3 Cultural i de la resta d\u2019impulsors de recursos en el mateix sentit, i contraris tots ells sense excepci\u00f3 a l\u2019intent del Govern valenci\u00e0 de polititzar la llengua, negar l\u2019evid\u00e8ncia cient\u00edfica i crear un conflicte artificial per a entrebancar l\u2019extensi\u00f3 de l\u2019\u00fas social, que \u00e9s en definitiva la preocupaci\u00f3 i objectiu de la nostra entitat.<\/p>\n[&#8230;]\n<\/p><\/blockquote>\n","protected":false},"excerpt":{"rendered":"<p>El web d&#8217;Acci\u00f3 Cultural del Pa\u00eds Valenci\u00e0 ens informa d&#8217;una nova sent\u00e8ncia del tribunal superior valenci\u00e0: Acci\u00f3 Cultural guanya una nova sent\u00e8ncia front al govern valenci\u00e0 a favor del reconeixement del t\u00edtol de filologia catalana i de la unitat de la llengua [&#8230;] El Tribunal destaca, en els fonaments de dret de la seua sent\u00e8ncia, [&hellip;]<\/p>\n","protected":false},"author":2,"featured_media":0,"comment_status":"open","ping_status":"open","sticky":false,"template":"","format":"standard","meta":{"footnotes":""},"categories":[4,45,1,14,18,24],"tags":[203,435,485],"class_list":["post-2669","post","type-post","status-publish","format-standard","hentry","category-dret","category-ensenyament","category-general","category-jurisprudencia","category-oposicions","category-requisit-linguistic","tag-filologia-catalana","tag-sentencies","tag-tsj"],"_links":{"self":[{"href":"https:\/\/www.cdlpv.org\/dtl\/wp-json\/wp\/v2\/posts\/2669","targetHints":{"allow":["GET"]}}],"collection":[{"href":"https:\/\/www.cdlpv.org\/dtl\/wp-json\/wp\/v2\/posts"}],"about":[{"href":"https:\/\/www.cdlpv.org\/dtl\/wp-json\/wp\/v2\/types\/post"}],"author":[{"embeddable":true,"href":"https:\/\/www.cdlpv.org\/dtl\/wp-json\/wp\/v2\/users\/2"}],"replies":[{"embeddable":true,"href":"https:\/\/www.cdlpv.org\/dtl\/wp-json\/wp\/v2\/comments?post=2669"}],"version-history":[{"count":0,"href":"https:\/\/www.cdlpv.org\/dtl\/wp-json\/wp\/v2\/posts\/2669\/revisions"}],"wp:attachment":[{"href":"https:\/\/www.cdlpv.org\/dtl\/wp-json\/wp\/v2\/media?parent=2669"}],"wp:term":[{"taxonomy":"category","embeddable":true,"href":"https:\/\/www.cdlpv.org\/dtl\/wp-json\/wp\/v2\/categories?post=2669"},{"taxonomy":"post_tag","embeddable":true,"href":"https:\/\/www.cdlpv.org\/dtl\/wp-json\/wp\/v2\/tags?post=2669"}],"curies":[{"name":"wp","href":"https:\/\/api.w.org\/{rel}","templated":true}]}}