{"id":266,"date":"2007-12-20T14:15:12","date_gmt":"2007-12-20T13:15:12","guid":{"rendered":"http:\/\/www.cdlpv.org\/dtl\/?p=266"},"modified":"2007-12-20T14:15:12","modified_gmt":"2007-12-20T13:15:12","slug":"simulacre-amb-molta-barra","status":"publish","type":"post","link":"https:\/\/www.cdlpv.org\/dtl\/2007\/12\/20\/simulacre-amb-molta-barra\/","title":{"rendered":"Simulacre amb molta barra"},"content":{"rendered":"<p>A pesar de la bona iniciativa d&#8217;alguns representants pol\u00edtics, la lectura de la not\u00edcia del diari <em>El Pa\u00eds<\/em> (<a href=\"http:\/\/www.elpais.com\/articulo\/espana\/Camara\/alta\/aprueba\/uso\/todas\/lenguas\/oficiales\/elpepiesp\/20071219elpepinac_8\/Tes\" target=\"_blank\">19.12.2007<\/a>) acaba deixant la sensaci\u00f3 que hi ha qui t\u00e9 molta barra, molt poca vergonya.<\/p>\n<p>Contra el que es despr\u00e9n del titular, l&#8217;alegria pel que hauria de semblar una pas cap a la normalitat democr\u00e0tica s&#8217;ha de matisar pel que fet que la moci\u00f3 no t\u00e9 cap for\u00e7a per als senadors que vinguen despr\u00e9s de les pr\u00f2ximes eleccions espanyoles.<\/p>\n<p>\u00c9s un pas avant, doncs, per\u00f2 vorem si s&#8217;imposa la prepot\u00e8ncia dels monolig\u00fcistes \u2013tal com semblava reclamar fa uns dies <a href=\"http:\/\/www.elpais.com\/articulo\/opinion\/triunfo\/libertinaje\/elpporopi\/20071208elpepiopi_4\/Tes\" target=\"_blank\">Fernando Savater<\/a>\u2013 en contra de la moci\u00f3 aprovada i de la (quasi) normalitat dels parlaments auton\u00f2mics, dels estatals d&#8217;altres pa\u00efsos i de l&#8217;europeu, on es respecten bastant m\u00e9s els drets ling\u00fc\u00edstics dels ciutadans.<\/p>\n<p>La not\u00edcia del diari (tradu\u00efda amb l&#8217;ajuda del Salt) \u00e9s la seg\u00fcent:<\/p>\n<blockquote>\n<h2>La cambra alta aprova l&#8217;\u00fas us de totes les lleng\u00fces oficials<\/h2>\n<h5>P. X. DE S. &#8211; Madrid &#8211; 19.12.2007<\/h5>\n<p>La legislatura acaba hui per al Senat i ho fa amb una nova promesa de revisi\u00f3 d&#8217;ell mateix per a la pr\u00f2xima temporada. L&#8217;Entesa Catalana va aportar ahir, per mitj\u00e0 d&#8217;una moci\u00f3, una nova anella a la cadena de bons prop\u00f2sits que des de fa anys tracta d&#8217;arribar a una reforma del Senat per tal que responga a la realitat auton\u00f2mica. La moci\u00f3, aprovada per tots els grups menys el <span class=\"versaleta\">pp<\/span>, demanava iniciar els treballs d&#8217;eixa reforma. Per\u00f2 tamb\u00e9 que es permeta l&#8217;\u00fas de totes les lleng\u00fces oficials en la cambra alta. Per a posar a\u00e7\u00f2 en marxa no \u00e9s necess\u00e0ria una reforma constitucional (el principal obstacle per a reformar el Senat). El PSOE va votar sense matisos a favor. Dissoltes les Corts d&#8217;ac\u00ed a pocs dies, la moci\u00f3 no obliga al pr\u00f2xim Senat que ixca de les urnes.<\/p>\n<p>Actualment, la comissi\u00f3 de comunitats aut\u00f2nomes del Senat oferix un espectacle poc conegut, per\u00f2 digne de vore. Parlamentaris espanyols s&#8217;escolten els uns als altres amb auriculars, amb traducci\u00f3, perqu\u00e8 en eixa comissi\u00f3 es poden utilitzar sense l\u00edmit el catal\u00e0, l&#8217;\u00e8uscar i el gallec. Ho van poder comprovar catalans i valencians en la tramitaci\u00f3 dels seus estatuts. Si es posa en marxa la moci\u00f3, esta imatge s&#8217;estendria a tota la cambra, ple incl\u00f2s. Els espanyols podrien vore preguntes al president del govern en \u00e8uscar, per exemple.\n<\/p><\/blockquote>\n","protected":false},"excerpt":{"rendered":"<p>A pesar de la bona iniciativa d&#8217;alguns representants pol\u00edtics, la lectura de la not\u00edcia del diari El Pa\u00eds (19.12.2007) acaba deixant la sensaci\u00f3 que hi ha qui t\u00e9 molta barra, molt poca vergonya. Contra el que es despr\u00e9n del titular, l&#8217;alegria pel que hauria de semblar una pas cap a la normalitat democr\u00e0tica s&#8217;ha de [&hellip;]<\/p>\n","protected":false},"author":2,"featured_media":0,"comment_status":"open","ping_status":"open","sticky":false,"template":"","format":"standard","meta":{"footnotes":""},"categories":[36,4,1,47,19,24],"tags":[180,288,434],"class_list":["post-266","post","type-post","status-publish","format-standard","hentry","category-allofobia","category-dret","category-general","category-planificacio","category-politica","category-requisit-linguistic","tag-entesa","tag-llengues-oficials","tag-senat"],"_links":{"self":[{"href":"https:\/\/www.cdlpv.org\/dtl\/wp-json\/wp\/v2\/posts\/266","targetHints":{"allow":["GET"]}}],"collection":[{"href":"https:\/\/www.cdlpv.org\/dtl\/wp-json\/wp\/v2\/posts"}],"about":[{"href":"https:\/\/www.cdlpv.org\/dtl\/wp-json\/wp\/v2\/types\/post"}],"author":[{"embeddable":true,"href":"https:\/\/www.cdlpv.org\/dtl\/wp-json\/wp\/v2\/users\/2"}],"replies":[{"embeddable":true,"href":"https:\/\/www.cdlpv.org\/dtl\/wp-json\/wp\/v2\/comments?post=266"}],"version-history":[{"count":0,"href":"https:\/\/www.cdlpv.org\/dtl\/wp-json\/wp\/v2\/posts\/266\/revisions"}],"wp:attachment":[{"href":"https:\/\/www.cdlpv.org\/dtl\/wp-json\/wp\/v2\/media?parent=266"}],"wp:term":[{"taxonomy":"category","embeddable":true,"href":"https:\/\/www.cdlpv.org\/dtl\/wp-json\/wp\/v2\/categories?post=266"},{"taxonomy":"post_tag","embeddable":true,"href":"https:\/\/www.cdlpv.org\/dtl\/wp-json\/wp\/v2\/tags?post=266"}],"curies":[{"name":"wp","href":"https:\/\/api.w.org\/{rel}","templated":true}]}}