{"id":2657,"date":"2013-02-28T20:30:58","date_gmt":"2013-02-28T18:30:58","guid":{"rendered":"http:\/\/www.cdlpv.org\/dtl\/?p=2657"},"modified":"2023-06-15T09:30:52","modified_gmt":"2023-06-15T07:30:52","slug":"esmenes","status":"publish","type":"post","link":"https:\/\/www.cdlpv.org\/dtl\/2013\/02\/28\/esmenes\/","title":{"rendered":"Esmenes en el DIEC2"},"content":{"rendered":"<p>L&#8217;Institut d&#8217;Estudis Catalans <a href=\"http:\/\/www.iec.cat\/activitats\/butlleti\/detall.asp?id_noticies=762&#038;numero=173\" target=\"_blank\" rel=\"noopener\">informa<\/a> que ha fet unes quantes esmenes en el seu diccionari:<\/p>\n<blockquote>\n<h2>Els mots <em>blog, bloguer, polit\u00f2leg<\/em> i <em>politologia<\/em> ja s\u00f3n al diccionari normatiu<\/h2>\n[&#8230;]\n<p>De les diverses modificacions introdu\u00efdes, tamb\u00e9 en destaquen les seg\u00fcents:<br \/>\n&#8211; El conjunt d\u2019esmenes i addicions als articles <em>agent<\/em>, <em>ag\u00e8ncia<\/em>, <em>corredor<\/em> i <em>mediador<\/em>.<br \/>\n&#8211; L\u2019esmena de la definici\u00f3 de <em>autisme<\/em>.<br \/>\n&#8211; L\u2019alta dels gentilicis<em> ademusser -a<\/em>, <em>aior\u00ed -ina<\/em>, <em>ceret\u00e0 -ana<\/em>, <em>cirater -era<\/em>, <em>enguer\u00ed -ina<\/em>, <em>formiguerenc -a<\/em>, <em>requenenc -a<\/em>, <em>vall-de-rour\u00e0 -rourana<\/em>, <em>villener -a<\/em> i <em>xelv\u00e0 -ana<\/em>.<br \/>\n&#8211; L\u2019addici\u00f3 en el verb <em>enervar<\/em> del sentit <em>fer posar nervi\u00f3s<\/em>.<br \/>\n&#8211; El canvi de grafia de l\u2019entrada <em>laurenci<\/em> per<em> lawrenci<\/em>.<\/p>\n[&#8230;]\n<\/p><\/blockquote>\n<p>A m\u00e9s, dels canvis que apareixen el document de vint-i-dos p\u00e0gines, ens permetem assenyalar que han eliminat l&#8217;expressi\u00f3 <em>cavar damunt damunt<\/em> per\u00f2 han afegit <em>(per) damunt damunt<\/em>; han canviat l&#8217;exemple \u00abla <em>p<\/em> de <em>camp<\/em> \u00e9s muda\u00bb per \u00abla <em>h<\/em> d&#8217;<em>harmonia<\/em> \u00e9s muda\u00bb; i un canvi de preposici\u00f3 en \u00abque utilitzen per posar-se damunt\u00bb que ara apareix amb \u00abper a\u00bb (s. v. <em>tr\u00edglids<\/em>).<\/p>\n<p>Totes les esmenes ac\u00ed: <em><a href=\"http:\/\/dlc.iec.cat\/CLesmenes_DIEC2_internet_2013_final.pdf\" target=\"_blank\" rel=\"noopener\">http:\/\/dlc.iec.cat\/CLesmenes_DIEC2_internet_2013_final.pdf<\/a><\/em>.<\/p>\n","protected":false},"excerpt":{"rendered":"<p>L&#8217;Institut d&#8217;Estudis Catalans informa que ha fet unes quantes esmenes en el seu diccionari: Els mots blog, bloguer, polit\u00f2leg i politologia ja s\u00f3n al diccionari normatiu [&#8230;] De les diverses modificacions introdu\u00efdes, tamb\u00e9 en destaquen les seg\u00fcents: &#8211; El conjunt d\u2019esmenes i addicions als articles agent, ag\u00e8ncia, corredor i mediador. &#8211; L\u2019esmena de la definici\u00f3 [&hellip;]<\/p>\n","protected":false},"author":2,"featured_media":0,"comment_status":"open","ping_status":"open","sticky":false,"template":"","format":"standard","meta":{"footnotes":""},"categories":[3,1,46,17],"tags":[144,239],"class_list":["post-2657","post","type-post","status-publish","format-standard","hentry","category-documentacio","category-general","category-iec","category-normativa","tag-diccionaris","tag-iec"],"_links":{"self":[{"href":"https:\/\/www.cdlpv.org\/dtl\/wp-json\/wp\/v2\/posts\/2657","targetHints":{"allow":["GET"]}}],"collection":[{"href":"https:\/\/www.cdlpv.org\/dtl\/wp-json\/wp\/v2\/posts"}],"about":[{"href":"https:\/\/www.cdlpv.org\/dtl\/wp-json\/wp\/v2\/types\/post"}],"author":[{"embeddable":true,"href":"https:\/\/www.cdlpv.org\/dtl\/wp-json\/wp\/v2\/users\/2"}],"replies":[{"embeddable":true,"href":"https:\/\/www.cdlpv.org\/dtl\/wp-json\/wp\/v2\/comments?post=2657"}],"version-history":[{"count":1,"href":"https:\/\/www.cdlpv.org\/dtl\/wp-json\/wp\/v2\/posts\/2657\/revisions"}],"predecessor-version":[{"id":4420,"href":"https:\/\/www.cdlpv.org\/dtl\/wp-json\/wp\/v2\/posts\/2657\/revisions\/4420"}],"wp:attachment":[{"href":"https:\/\/www.cdlpv.org\/dtl\/wp-json\/wp\/v2\/media?parent=2657"}],"wp:term":[{"taxonomy":"category","embeddable":true,"href":"https:\/\/www.cdlpv.org\/dtl\/wp-json\/wp\/v2\/categories?post=2657"},{"taxonomy":"post_tag","embeddable":true,"href":"https:\/\/www.cdlpv.org\/dtl\/wp-json\/wp\/v2\/tags?post=2657"}],"curies":[{"name":"wp","href":"https:\/\/api.w.org\/{rel}","templated":true}]}}