{"id":2652,"date":"2013-02-26T21:42:35","date_gmt":"2013-02-26T19:42:35","guid":{"rendered":"http:\/\/www.cdlpv.org\/dtl\/?p=2652"},"modified":"2013-02-26T21:42:35","modified_gmt":"2013-02-26T19:42:35","slug":"marius-serra-vicent-pascual-ramon-gomis-i-jordi-salas-salvado-nous-membres-de-liec","status":"publish","type":"post","link":"https:\/\/www.cdlpv.org\/dtl\/2013\/02\/26\/marius-serra-vicent-pascual-ramon-gomis-i-jordi-salas-salvado-nous-membres-de-liec\/","title":{"rendered":"Nous membres de l\u2019IEC"},"content":{"rendered":"<p>L&#8217;Institut d&#8217;Estudis Catalans incorpora dos membres nous en la Secci\u00f3 Filol\u00f2gica, el catal\u00e0 M\u00e0rius Serra i Roig i el valenci\u00e0 Vicent Pascual Granell:<\/p>\n<blockquote>\n<h2><a href='http:\/\/www.iec.cat\/activitats\/noticiasencera.asp?id_noticies=757'>M\u00e0rius Serra, Vicent Pascual, Ramon Gomis i Jordi Salas-Salvad\u00f3, nous membres de l\u2019IEC<\/a><\/h2>\n[&#8230;]\n<p>Vicent Pascual (Silla, 1944) va cursar la carrera de mestre nacional i, tal com explica ell mateix, la resta de la seva formaci\u00f3 l\u2019ha adquirida \u00abde manera autodidacta\u00bb. La traject\u00f2ria professional de Pascual va comen\u00e7ar en una escola de Torrent, el 1970, i va continuar, des del 1973 fins al 1977, a Algemes\u00ed. Va ser all\u00e0, en el col\u00b7legi Francesc Ribalta, on va comen\u00e7ar a fer classes de catal\u00e0. L\u2019any seg\u00fcent es va traslladar a Tavernes i all\u00e0 va comen\u00e7ar una etapa fren\u00e8tica pel que fa l\u2019ensenyament de la llengua. Comen\u00e7ava aix\u00ed una traject\u00f2ria que ha estat clau en el proc\u00e9s d\u2019introducci\u00f3 de la llengua catalana en l\u2019escola valenciana en les darreres tres d\u00e8cades. Pascual va liderar els sectors educatius m\u00e9s din\u00e0mics i compromesos amb la llengua catalana i va tenir un paper clau en el proc\u00e9s modernitzador de l\u2019ensenyament al Pa\u00eds Valenci\u00e0.<\/p>\n[&#8230;]\n<\/p><\/blockquote>\n","protected":false},"excerpt":{"rendered":"<p>L&#8217;Institut d&#8217;Estudis Catalans incorpora dos membres nous en la Secci\u00f3 Filol\u00f2gica, el catal\u00e0 M\u00e0rius Serra i Roig i el valenci\u00e0 Vicent Pascual Granell: M\u00e0rius Serra, Vicent Pascual, Ramon Gomis i Jordi Salas-Salvad\u00f3, nous membres de l\u2019IEC [&#8230;] Vicent Pascual (Silla, 1944) va cursar la carrera de mestre nacional i, tal com explica ell mateix, la [&hellip;]<\/p>\n","protected":false},"author":2,"featured_media":0,"comment_status":"open","ping_status":"open","sticky":false,"template":"","format":"standard","meta":{"footnotes":""},"categories":[1,46],"tags":[203],"class_list":["post-2652","post","type-post","status-publish","format-standard","hentry","category-general","category-iec","tag-filologia-catalana"],"_links":{"self":[{"href":"https:\/\/www.cdlpv.org\/dtl\/wp-json\/wp\/v2\/posts\/2652","targetHints":{"allow":["GET"]}}],"collection":[{"href":"https:\/\/www.cdlpv.org\/dtl\/wp-json\/wp\/v2\/posts"}],"about":[{"href":"https:\/\/www.cdlpv.org\/dtl\/wp-json\/wp\/v2\/types\/post"}],"author":[{"embeddable":true,"href":"https:\/\/www.cdlpv.org\/dtl\/wp-json\/wp\/v2\/users\/2"}],"replies":[{"embeddable":true,"href":"https:\/\/www.cdlpv.org\/dtl\/wp-json\/wp\/v2\/comments?post=2652"}],"version-history":[{"count":0,"href":"https:\/\/www.cdlpv.org\/dtl\/wp-json\/wp\/v2\/posts\/2652\/revisions"}],"wp:attachment":[{"href":"https:\/\/www.cdlpv.org\/dtl\/wp-json\/wp\/v2\/media?parent=2652"}],"wp:term":[{"taxonomy":"category","embeddable":true,"href":"https:\/\/www.cdlpv.org\/dtl\/wp-json\/wp\/v2\/categories?post=2652"},{"taxonomy":"post_tag","embeddable":true,"href":"https:\/\/www.cdlpv.org\/dtl\/wp-json\/wp\/v2\/tags?post=2652"}],"curies":[{"name":"wp","href":"https:\/\/api.w.org\/{rel}","templated":true}]}}