{"id":2647,"date":"2013-02-19T22:21:54","date_gmt":"2013-02-19T20:21:54","guid":{"rendered":"http:\/\/www.cdlpv.org\/dtl\/?p=2647"},"modified":"2013-02-19T22:21:54","modified_gmt":"2013-02-19T20:21:54","slug":"una-nova-linia-en-valencia-en-xirivella","status":"publish","type":"post","link":"https:\/\/www.cdlpv.org\/dtl\/2013\/02\/19\/una-nova-linia-en-valencia-en-xirivella\/","title":{"rendered":"Una nova l\u00ednia en valenci\u00e0 en Xirivella"},"content":{"rendered":"<p><a href=\"https:\/\/escolavalenciana.com\/noticies\/detall\/1697\/el-tribunal-superior-de-justicia-dona-la-rao-a-les-families-de-lrsquoescola-ldquorei-en-jaumerdquo-de-xirivella-que-demanavem-ensenyament-en-valencia\" target=\"_blank\">Escola Valenciana<\/a> aconseguix una impulsar a trav\u00e9s dels tribunals l&#8217;ensenyament en valenci\u00e0, a pesar de la pretensi\u00f3 contr\u00e0ria de la Generalitat valenciana:<\/p>\n<blockquote>\n<h2>El Tribunal Superior de Just\u00edcia d\u00f3na la ra\u00f3 a les fam\u00edlies de l\u2019escola Rei En Jaume de Xirivella que demanaven ensenyament en valenci\u00e0<\/h2>\n[&#8230;]\n<p>\u00c9s la segona sent\u00e8ncia que el <span class=\"versaleta\">tsj<\/span> falla en aquest sentit despr\u00e9s que obligara a la Conselleria d&#8217;Educaci\u00f3 a rectificar per un cas semblant, el del co\u0140legi concertat Sant Crist\u00f2fol de Picassent tal com va anunciar Escola Valenciana el 26 de desembre de 2012.<\/p><\/blockquote>\n<hr noshade=\"noshade\" \/>\n<div class=\"nota\">\n<strong>Not\u00edcia relacionada:<\/strong><\/p>\n<p>\u00b7 \u00abQuiero clase en valenciano, se\u00f1or juez\u00bb, <em>El Pa\u00eds,<\/em> <a href=\"http:\/\/ccaa.elpais.com\/ccaa\/2013\/02\/24\/valencia\/1361730469_076348.html\" target=\"_blank\">25.02.2013<\/a>.\n<\/div>\n","protected":false},"excerpt":{"rendered":"<p>Escola Valenciana aconseguix una impulsar a trav\u00e9s dels tribunals l&#8217;ensenyament en valenci\u00e0, a pesar de la pretensi\u00f3 contr\u00e0ria de la Generalitat valenciana: El Tribunal Superior de Just\u00edcia d\u00f3na la ra\u00f3 a les fam\u00edlies de l\u2019escola Rei En Jaume de Xirivella que demanaven ensenyament en valenci\u00e0 [&#8230;] \u00c9s la segona sent\u00e8ncia que el tsj falla en [&hellip;]<\/p>\n","protected":false},"author":2,"featured_media":0,"comment_status":"open","ping_status":"open","sticky":false,"template":"","format":"standard","meta":{"footnotes":""},"categories":[4,45,1],"tags":[50,183,485],"class_list":["post-2647","post","type-post","status-publish","format-standard","hentry","category-dret","category-ensenyament","category-general","tag-administracio-local","tag-escola-valenciana","tag-tsj"],"_links":{"self":[{"href":"https:\/\/www.cdlpv.org\/dtl\/wp-json\/wp\/v2\/posts\/2647","targetHints":{"allow":["GET"]}}],"collection":[{"href":"https:\/\/www.cdlpv.org\/dtl\/wp-json\/wp\/v2\/posts"}],"about":[{"href":"https:\/\/www.cdlpv.org\/dtl\/wp-json\/wp\/v2\/types\/post"}],"author":[{"embeddable":true,"href":"https:\/\/www.cdlpv.org\/dtl\/wp-json\/wp\/v2\/users\/2"}],"replies":[{"embeddable":true,"href":"https:\/\/www.cdlpv.org\/dtl\/wp-json\/wp\/v2\/comments?post=2647"}],"version-history":[{"count":0,"href":"https:\/\/www.cdlpv.org\/dtl\/wp-json\/wp\/v2\/posts\/2647\/revisions"}],"wp:attachment":[{"href":"https:\/\/www.cdlpv.org\/dtl\/wp-json\/wp\/v2\/media?parent=2647"}],"wp:term":[{"taxonomy":"category","embeddable":true,"href":"https:\/\/www.cdlpv.org\/dtl\/wp-json\/wp\/v2\/categories?post=2647"},{"taxonomy":"post_tag","embeddable":true,"href":"https:\/\/www.cdlpv.org\/dtl\/wp-json\/wp\/v2\/tags?post=2647"}],"curies":[{"name":"wp","href":"https:\/\/api.w.org\/{rel}","templated":true}]}}