{"id":264,"date":"2007-12-19T10:00:11","date_gmt":"2007-12-19T09:00:11","guid":{"rendered":"http:\/\/www.cdlpv.org\/dtl\/?p=264"},"modified":"2007-12-19T10:00:11","modified_gmt":"2007-12-19T09:00:11","slug":"jqcv-elemental-ajudes-i-beques-de-lavl","status":"publish","type":"post","link":"https:\/\/www.cdlpv.org\/dtl\/2007\/12\/19\/jqcv-elemental-ajudes-i-beques-de-lavl\/","title":{"rendered":"JQCV (elemental), ajudes i beques de l&#8217;AVL"},"content":{"rendered":"<p>El <span class=\"versaleta\">cidaj<\/span> ens envia la informaci\u00f3 seg\u00fcent:<\/p>\n<blockquote>\n<ul>\n<li>RESOLUCI\u00d3 de 3 de desembre de 2007, de la presidenta de la Junta Qualificadora de Coneixements de Valenci\u00e0, per la qual es fa p\u00fablica la llista de resultats provisionals de la prova de grau elemental de coneixements de valenci\u00e0. [2007\/14923] (<em><span class=\"versaleta\">docv<\/span><\/em> n\u00fam. 5&nbsp;658, de 12.12.2007)<br \/>\n&#8211; <a href=\"http:\/\/www.pre.gva.es\/L\/BASIS\/BDLGVPU\/WEB\/LEV_LISTADOS_TEXTO\/DDW?W%3DSIGNATURA_N=15306+AND+SIGNATURA_A=2007%26R%3DN\" target=\"_blank\">vegeu text<\/a><\/p>\n<li>RESOLUCI\u00d3 de 5 de desembre de 2007, de la Presid\u00e8ncia de l&#8217;Acad\u00e8mia Valenciana de la Llengua, per la qual es publica l&#8217;Acord del Ple de l&#8217;Acad\u00e8mia Valenciana de la Llengua, del 30 de novembre de 2007, pel qual es convoquen ajudes al foment de l&#8217;\u00fas del valenci\u00e0 en les emissores locals de r\u00e0dio i en les publicacions escrites de car\u00e0cter local o comarcal, o de tem\u00e0tica especialitzada. [2007\/15211] (<em><span class=\"versaleta\">docv<\/span><\/em> n\u00fam. 5&nbsp;661, de 17.12.2007)<br \/>\n&#8211; <a href=\"http:\/\/www.pre.gva.es\/L\/BASIS\/BDLGVPU\/WEB\/LEV_LISTADOS_TEXTO\/DDW?W%3DSIGNATURA_N=15528+AND+SIGNATURA_A=2007%26R%3DN\" target=\"_blank\">vegeu text<\/a><\/p>\n<li>RESOLUCI\u00d3 de 5 de desembre de 2007, de la Presid\u00e8ncia de l&#8217;Acad\u00e8mia Valenciana de la Llengua, per la qual es publica l&#8217;acord del Ple de l&#8217;Acad\u00e8mia Valenciana de la Llengua de 30 de novembre de 2007, pel qual es convoquen beques per a la realitzaci\u00f3 de treballs d&#8217;investigaci\u00f3 ling\u00fc\u00edstica sobre el valenci\u00e0. [2007\/15205] (<em><span class=\"versaleta\">docv<\/span><\/em> n\u00fam. 5&nbsp;662, de 18.12.2007)<br \/>\n&#8211; <a href=\"http:\/\/www.pre.gva.es\/L\/BASIS\/BDLGVPU\/WEB\/LEV_LISTADOS_TEXTO\/DDW?W%3DSIGNATURA_N=15571+AND+SIGNATURA_A=2007%26R%3DN\" target=\"_blank\">vegeu text<\/a><\/p>\n<li>RESOLUCI\u00d3 de 5 de desembre de 2007, de la Presid\u00e8ncia de l&#8217;Acad\u00e8mia Valenciana de la Llengua, per la qual es publica l&#8217;Acord de 30 de novembre de 2007, del Ple de l&#8217;Acad\u00e8mia Valenciana de la Llengua, pel qual es convoquen ajudes a la difusi\u00f3 i promoci\u00f3 del valenci\u00e0 en els centres valencians a l&#8217;exterior. [2007\/15207] (<em><span class=\"versaleta\">docv<\/span><\/em> n\u00fam. 5&nbsp;662, de 18.12.2007)<br \/>\n&#8211; <a href=\"http:\/\/www.pre.gva.es\/L\/BASIS\/BDLGVPU\/WEB\/LEV_LISTADOS_TEXTO\/DDW?W%3DSIGNATURA_N=15572+AND+SIGNATURA_A=2007%26R%3DN\" target=\"_blank\">vegeu text<\/a><\/p>\n<li>RESOLUCI\u00d3 de 5 de desembre del 2007, de la Presid\u00e8ncia de l&#8217;Acad\u00e8mia Valenciana de la Llengua, per la qual es publica l&#8217;Acord del Ple de l&#8217;Acad\u00e8mia Valenciana de la Llengua, del 30 de novembre del 2007, pel qual es convoquen ajudes al foment de l&#8217;\u00fas del valenci\u00e0 en les emissores locals de r\u00e0dio i en les publicacions escrites de car\u00e0cter local o comarcal, o de tem\u00e0tica especialitzada. [2007\/15208] (<em><span class=\"versaleta\">docv<\/span><\/em> n\u00fam. 5&nbsp;662, de 18.12.2007)<br \/>\n&#8211; <a href=\"http:\/\/www.pre.gva.es\/L\/BASIS\/BDLGVPU\/WEB\/LEV_LISTADOS_TEXTO\/DDW?W%3DSIGNATURA_N=15573+AND+SIGNATURA_A=2007%26R%3DN\" target=\"_blank\">vegeu text<\/a>\n<\/ul>\n<\/blockquote>\n","protected":false},"excerpt":{"rendered":"<p>El cidaj ens envia la informaci\u00f3 seg\u00fcent: RESOLUCI\u00d3 de 3 de desembre de 2007, de la presidenta de la Junta Qualificadora de Coneixements de Valenci\u00e0, per la qual es fa p\u00fablica la llista de resultats provisionals de la prova de grau elemental de coneixements de valenci\u00e0. [2007\/14923] (docv n\u00fam. 5&nbsp;658, de 12.12.2007) &#8211; vegeu text [&hellip;]<\/p>\n","protected":false},"author":2,"featured_media":0,"comment_status":"open","ping_status":"open","sticky":false,"template":"","format":"standard","meta":{"footnotes":""},"categories":[10,1,13,28],"tags":[51,70,75,179,259,398,452],"class_list":["post-264","post","type-post","status-publish","format-standard","hentry","category-formacio","category-general","category-jqcv","category-subvencions","tag-ajudes","tag-avl","tag-beques","tag-ensenyament","tag-jqcv","tag-radio","tag-subvencions"],"_links":{"self":[{"href":"https:\/\/www.cdlpv.org\/dtl\/wp-json\/wp\/v2\/posts\/264","targetHints":{"allow":["GET"]}}],"collection":[{"href":"https:\/\/www.cdlpv.org\/dtl\/wp-json\/wp\/v2\/posts"}],"about":[{"href":"https:\/\/www.cdlpv.org\/dtl\/wp-json\/wp\/v2\/types\/post"}],"author":[{"embeddable":true,"href":"https:\/\/www.cdlpv.org\/dtl\/wp-json\/wp\/v2\/users\/2"}],"replies":[{"embeddable":true,"href":"https:\/\/www.cdlpv.org\/dtl\/wp-json\/wp\/v2\/comments?post=264"}],"version-history":[{"count":0,"href":"https:\/\/www.cdlpv.org\/dtl\/wp-json\/wp\/v2\/posts\/264\/revisions"}],"wp:attachment":[{"href":"https:\/\/www.cdlpv.org\/dtl\/wp-json\/wp\/v2\/media?parent=264"}],"wp:term":[{"taxonomy":"category","embeddable":true,"href":"https:\/\/www.cdlpv.org\/dtl\/wp-json\/wp\/v2\/categories?post=264"},{"taxonomy":"post_tag","embeddable":true,"href":"https:\/\/www.cdlpv.org\/dtl\/wp-json\/wp\/v2\/tags?post=264"}],"curies":[{"name":"wp","href":"https:\/\/api.w.org\/{rel}","templated":true}]}}