{"id":2635,"date":"2013-01-30T10:38:43","date_gmt":"2013-01-30T08:38:43","guid":{"rendered":"http:\/\/www.cdlpv.org\/dtl\/?p=2635"},"modified":"2013-01-30T10:38:43","modified_gmt":"2013-01-30T08:38:43","slug":"les-pedretes-del-cami","status":"publish","type":"post","link":"https:\/\/www.cdlpv.org\/dtl\/2013\/01\/30\/les-pedretes-del-cami\/","title":{"rendered":"Les pedretes del cam\u00ed"},"content":{"rendered":"<p>Els catalan\u00f2fons encara tenim un bon tros de cam\u00ed per davant per a aconseguir el compliment dels drets i deures ling\u00fc\u00edstics. I anem fent eixe cam\u00ed:<\/p>\n<blockquote>\n<h3><a href=\"http:\/\/www.elpuntavui.cat\/noticia\/article\/3-politica\/17-politica\/611739-absolt-lhome-vexat-per-no-haver-parlat-en-espanyol.html\" target=\"_blank\">Absolt l&#8217;home vexat per no haver parlat en espanyol<\/a><\/h3>\n<div style=\"text-align: right;\"><em>El Punt\/Avui<\/em> (19.01.2013)<\/div>\n<h3><a href=\"http:\/\/www.vilaweb.cat\/noticia\/4077308\/20130125\/lhospital-jaume-castello-disculpa-humiliacio-linguistica-pacient.html\" target=\"_blank\">L&#8217;hospital Jaume I de Castell\u00f3 es disculpa per la humiliaci\u00f3 ling\u00fc\u00edstica a una pacient<\/a><\/h3>\n<div style=\"text-align: right;\"><em>Vilaweb<\/em> (25.01.2013)<\/div>\n<\/blockquote>\n","protected":false},"excerpt":{"rendered":"<p>Els catalan\u00f2fons encara tenim un bon tros de cam\u00ed per davant per a aconseguir el compliment dels drets i deures ling\u00fc\u00edstics. I anem fent eixe cam\u00ed: Absolt l&#8217;home vexat per no haver parlat en espanyol El Punt\/Avui (19.01.2013) L&#8217;hospital Jaume I de Castell\u00f3 es disculpa per la humiliaci\u00f3 ling\u00fc\u00edstica a una pacient Vilaweb (25.01.2013)<\/p>\n","protected":false},"author":2,"featured_media":0,"comment_status":"open","ping_status":"open","sticky":false,"template":"","format":"standard","meta":{"footnotes":""},"categories":[36,4,1,14,27],"tags":[240,312,347],"class_list":["post-2635","post","type-post","status-publish","format-standard","hentry","category-allofobia","category-dret","category-general","category-jurisprudencia","category-sociolinguistica","tag-illes-balears","tag-mitjans","tag-pais-valencia"],"_links":{"self":[{"href":"https:\/\/www.cdlpv.org\/dtl\/wp-json\/wp\/v2\/posts\/2635","targetHints":{"allow":["GET"]}}],"collection":[{"href":"https:\/\/www.cdlpv.org\/dtl\/wp-json\/wp\/v2\/posts"}],"about":[{"href":"https:\/\/www.cdlpv.org\/dtl\/wp-json\/wp\/v2\/types\/post"}],"author":[{"embeddable":true,"href":"https:\/\/www.cdlpv.org\/dtl\/wp-json\/wp\/v2\/users\/2"}],"replies":[{"embeddable":true,"href":"https:\/\/www.cdlpv.org\/dtl\/wp-json\/wp\/v2\/comments?post=2635"}],"version-history":[{"count":0,"href":"https:\/\/www.cdlpv.org\/dtl\/wp-json\/wp\/v2\/posts\/2635\/revisions"}],"wp:attachment":[{"href":"https:\/\/www.cdlpv.org\/dtl\/wp-json\/wp\/v2\/media?parent=2635"}],"wp:term":[{"taxonomy":"category","embeddable":true,"href":"https:\/\/www.cdlpv.org\/dtl\/wp-json\/wp\/v2\/categories?post=2635"},{"taxonomy":"post_tag","embeddable":true,"href":"https:\/\/www.cdlpv.org\/dtl\/wp-json\/wp\/v2\/tags?post=2635"}],"curies":[{"name":"wp","href":"https:\/\/api.w.org\/{rel}","templated":true}]}}