{"id":2630,"date":"2013-01-28T14:32:22","date_gmt":"2013-01-28T12:32:22","guid":{"rendered":"http:\/\/www.cdlpv.org\/dtl\/?p=2630"},"modified":"2013-01-28T14:32:22","modified_gmt":"2013-01-28T12:32:22","slug":"la-normalitzacio-de-la-l","status":"publish","type":"post","link":"https:\/\/www.cdlpv.org\/dtl\/2013\/01\/28\/la-normalitzacio-de-la-l\/","title":{"rendered":"La normalitzaci\u00f3 de la \u0140l"},"content":{"rendered":"<p>El mitj\u00e0 digital <em>Vilaweb<\/em> <a href=\"http:\/\/www.vilaweb.cat\/noticia\/4077574\/20130125\/normalitzar-ela-geminada-cent-anys.html\" target=\"_blank\">(25.01.2013)<\/a> ens informa de la iniciativa que, coincidint amb el centenari de l&#8217;Institut d&#8217;Estudis Catalans han tirant avant el <a href=\"http:\/\/www.l\u00b7l.cat\/\" target=\"_blank\">Grup de Treball per la Normalitzaci\u00f3 Tipogr\u00e0fica de la Ela Geminada<\/a>:<\/p>\n<blockquote><p>\n[&#8230;] La commemoraci\u00f3 del centenari ha estat aprofitada ara pel Grup de Treball per la Normalitzaci\u00f3 Tipogr\u00e0fica de la Ela Geminada, format per professionals de la llengua i de les noves tecnologies, per lligar-la a una crida d\u2019atenci\u00f3 a tots els usuaris d&#8217;eines digitals: l\u2019escriptura err\u00f2nia d&#8217;aquesta lletra pot tenir conseq\u00fc\u00e8ncies, greus i tot. I \u00e9s que no escriure-la b\u00e9 pot comportar problemes d\u2019indexaci\u00f3 o identificaci\u00f3 a les persones f\u00edsiques i jur\u00eddiques que porten una ela geminada al nom, el cognom o l\u2019adre\u00e7a. Per pa&#320;liar aquesta situaci\u00f3 an\u00f2mala, el Grup de Treball i la <a href=\"http:\/\/domini.cat\/\" target=\"_blank\">Fundaci\u00f3 Puntcat<\/a> han organitzat campanyes com la <a href=\"http:\/\/www.l\u00b7l.cat\/caca-nyaps\" target=\"_blank\">Ca\u00e7a de Nyaps<\/a>, per documentar-ne tants casos com sigui possible, i el concurs <a href=\"http:\/\/pangrama.cat\/\" target=\"_blank\">Pangrama<\/a>.\n<\/p><\/blockquote>\n","protected":false},"excerpt":{"rendered":"<p>El mitj\u00e0 digital Vilaweb (25.01.2013) ens informa de la iniciativa que, coincidint amb el centenari de l&#8217;Institut d&#8217;Estudis Catalans han tirant avant el Grup de Treball per la Normalitzaci\u00f3 Tipogr\u00e0fica de la Ela Geminada: [&#8230;] La commemoraci\u00f3 del centenari ha estat aprofitada ara pel Grup de Treball per la Normalitzaci\u00f3 Tipogr\u00e0fica de la Ela Geminada, [&hellip;]<\/p>\n","protected":false},"author":2,"featured_media":0,"comment_status":"open","ping_status":"open","sticky":false,"template":"","format":"standard","meta":{"footnotes":""},"categories":[2,5,1,46,17],"tags":[245,249,345],"class_list":["post-2630","post","type-post","status-publish","format-standard","hentry","category-comunicacio","category-edicio","category-general","category-iec","category-normativa","tag-informatica-2","tag-internet","tag-ortografia"],"_links":{"self":[{"href":"https:\/\/www.cdlpv.org\/dtl\/wp-json\/wp\/v2\/posts\/2630","targetHints":{"allow":["GET"]}}],"collection":[{"href":"https:\/\/www.cdlpv.org\/dtl\/wp-json\/wp\/v2\/posts"}],"about":[{"href":"https:\/\/www.cdlpv.org\/dtl\/wp-json\/wp\/v2\/types\/post"}],"author":[{"embeddable":true,"href":"https:\/\/www.cdlpv.org\/dtl\/wp-json\/wp\/v2\/users\/2"}],"replies":[{"embeddable":true,"href":"https:\/\/www.cdlpv.org\/dtl\/wp-json\/wp\/v2\/comments?post=2630"}],"version-history":[{"count":0,"href":"https:\/\/www.cdlpv.org\/dtl\/wp-json\/wp\/v2\/posts\/2630\/revisions"}],"wp:attachment":[{"href":"https:\/\/www.cdlpv.org\/dtl\/wp-json\/wp\/v2\/media?parent=2630"}],"wp:term":[{"taxonomy":"category","embeddable":true,"href":"https:\/\/www.cdlpv.org\/dtl\/wp-json\/wp\/v2\/categories?post=2630"},{"taxonomy":"post_tag","embeddable":true,"href":"https:\/\/www.cdlpv.org\/dtl\/wp-json\/wp\/v2\/tags?post=2630"}],"curies":[{"name":"wp","href":"https:\/\/api.w.org\/{rel}","templated":true}]}}