{"id":2626,"date":"2013-01-17T14:27:22","date_gmt":"2013-01-17T12:27:22","guid":{"rendered":"http:\/\/www.cdlpv.org\/dtl\/?p=2626"},"modified":"2013-01-17T14:27:22","modified_gmt":"2013-01-17T12:27:22","slug":"flaixos-sobre-lalguer-politica-linguistica-i-apps-en-catala","status":"publish","type":"post","link":"https:\/\/www.cdlpv.org\/dtl\/2013\/01\/17\/flaixos-sobre-lalguer-politica-linguistica-i-apps-en-catala\/","title":{"rendered":"Flaixos sobre l&#8217;Alguer, pol\u00edtica ling\u00fc\u00edstica i apps en catal\u00e0"},"content":{"rendered":"<p>Els <em>Flaixos d\u2019Actualitat<\/em> (<a href=\"http:\/\/www6.gencat.cat\/llengcat\/Flaixos_100\/www20.gencat.cat\/portal\/site\/Llengcat\/menuitem.08f45c9e3857090e3285bdb1b0c0e1a0\/index88fa.html\" target=\"_blank\">n\u00fam. 100<\/a>, 16.01.2013) ens envien, entre altres, les informaci\u00f3 seg\u00fcents:<\/p>\n<blockquote>\n<h2>L&#8217;Alguer<\/h2>\n<p>El DOGC n\u00fam. 6279, del 21 de desembre de 2012, ha publicat la Resoluci\u00f3 PRE\/2830\/2012, de 14 de desembre, per la qual es d\u00f3na publicitat al Conveni entre l&#8217;Ajuntament de l&#8217;Alguer i l&#8217;Administraci\u00f3 de la Generalitat de Catalunya en el terreny de la cultura i la llengua catalana i l&#8217;impuls de l&#8217;activitat econ\u00f2mica, tur\u00edstica, esportiva, comercial i de l&#8217;ocupaci\u00f3 entre tots dos territoris, i de tots aquells espais de cooperaci\u00f3 derivats de la proximitat cultural que s&#8217;escaiguin dins de l&#8217;\u00e0mbit de les seves compet\u00e8ncies.<\/p>\n<p>El Conveni es pot consultar a: <em><a href=\"http:\/\/portaldogc.gencat.cat\/utilsEADOP\/PDF\/6279\/1276153.pdf\" target=\"_blank\">http:\/\/portaldogc.gencat.cat\/utilsEADOP\/PDF\/6279\/1276153.pdf<\/a><\/em><\/p>\n<h2>Pol\u00edtica ling\u00fc\u00edstica valenciana<\/h2>\n<p>El Govern valenci\u00e0 ha aprovat el Decret 179\/2012, de 14 de desembre (DOCV n\u00fam. 6924 del 17), del Consell, pel qual establix l&#8217;estructura org\u00e0nica b\u00e0sica de la Presid\u00e8ncia i de les conselleries de la Generalitat. La pol\u00edtica ling\u00fc\u00edstica torna a apar\u00e8ixer en la denominaci\u00f3 d\u2019una direcci\u00f3 general: Direcci\u00f3 General d\u2019Innovaci\u00f3, Ordenaci\u00f3 i Pol\u00edtica Ling\u00fc\u00edstica. Anteriorment, la compet\u00e8ncia en mat\u00e8ria de pol\u00edtica ling\u00fc\u00edstica havia estat atribu\u00efda a la Direcci\u00f3 General de Patrimoni Cultural, d\u2019acord amb el Decret 75\/2011, de 24 de juny, del Consell, pel qual s\u2019estableix l\u2019estructura org\u00e0nica b\u00e0sica de la Presid\u00e8ncia i de les conselleries de la Generalitat.<\/p>\n<p>El Decret es pot consultar a: <em><a href=\"http:\/\/www.docv.gva.es\/datos\/2012\/12\/17\/pdf\/2012_11622.pdf\" target=\"_blank\">http:\/\/www.docv.gva.es\/datos\/2012\/12\/17\/pdf\/2012_11622.pdf<\/a><\/em><\/p>\n<h2>Appsencatala.cat, el portal de les aplicacions m\u00f2bils en catal\u00e0<\/h2>\n<p>Les aplicacions m\u00f2bils en catal\u00e0 ja tenen un lloc de refer\u00e8ncia a la xarxa. Amb el suport de la Direcci\u00f3 General de Pol\u00edtica Ling\u00fc\u00edstica del Departament de Cultura, el portal Appsencatal\u00e0.cat permet localitzar r\u00e0pidament i f\u00e0cilment qualsevol aplicaci\u00f3 m\u00f2bil, obtenir-ne informaci\u00f3 de qualitat i accedir al prove\u00efdor virtual on es pot adquirir o descarregar. S&#8217;hi poden trobar tant aplicacions per a Android com per a IOS (el sistema operatiu dels IPhone i les IPad).<\/p>\n<p>M\u00e9s informaci\u00f3: <em><a href=\"http:\/\/appsencatala.cat\" target=\"_blank\">http:\/\/appsencatala.cat<\/a><\/em><\/p>\n<\/blockquote>\n","protected":false},"excerpt":{"rendered":"<p>Els Flaixos d\u2019Actualitat (n\u00fam. 100, 16.01.2013) ens envien, entre altres, les informaci\u00f3 seg\u00fcents: L&#8217;Alguer El DOGC n\u00fam. 6279, del 21 de desembre de 2012, ha publicat la Resoluci\u00f3 PRE\/2830\/2012, de 14 de desembre, per la qual es d\u00f3na publicitat al Conveni entre l&#8217;Ajuntament de l&#8217;Alguer i l&#8217;Administraci\u00f3 de la Generalitat de Catalunya en el terreny [&hellip;]<\/p>\n","protected":false},"author":2,"featured_media":0,"comment_status":"open","ping_status":"open","sticky":false,"template":"","format":"standard","meta":{"footnotes":""},"categories":[1],"tags":[206,245,268,376],"class_list":["post-2626","post","type-post","status-publish","format-standard","hentry","category-general","tag-flaixos-dactualitat","tag-informatica-2","tag-lalguer","tag-politica-linguistica"],"_links":{"self":[{"href":"https:\/\/www.cdlpv.org\/dtl\/wp-json\/wp\/v2\/posts\/2626","targetHints":{"allow":["GET"]}}],"collection":[{"href":"https:\/\/www.cdlpv.org\/dtl\/wp-json\/wp\/v2\/posts"}],"about":[{"href":"https:\/\/www.cdlpv.org\/dtl\/wp-json\/wp\/v2\/types\/post"}],"author":[{"embeddable":true,"href":"https:\/\/www.cdlpv.org\/dtl\/wp-json\/wp\/v2\/users\/2"}],"replies":[{"embeddable":true,"href":"https:\/\/www.cdlpv.org\/dtl\/wp-json\/wp\/v2\/comments?post=2626"}],"version-history":[{"count":0,"href":"https:\/\/www.cdlpv.org\/dtl\/wp-json\/wp\/v2\/posts\/2626\/revisions"}],"wp:attachment":[{"href":"https:\/\/www.cdlpv.org\/dtl\/wp-json\/wp\/v2\/media?parent=2626"}],"wp:term":[{"taxonomy":"category","embeddable":true,"href":"https:\/\/www.cdlpv.org\/dtl\/wp-json\/wp\/v2\/categories?post=2626"},{"taxonomy":"post_tag","embeddable":true,"href":"https:\/\/www.cdlpv.org\/dtl\/wp-json\/wp\/v2\/tags?post=2626"}],"curies":[{"name":"wp","href":"https:\/\/api.w.org\/{rel}","templated":true}]}}