{"id":2622,"date":"2013-01-14T10:37:20","date_gmt":"2013-01-14T08:37:20","guid":{"rendered":"http:\/\/www.cdlpv.org\/dtl\/?p=2622"},"modified":"2013-01-14T10:37:20","modified_gmt":"2013-01-14T08:37:20","slug":"iberolingua","status":"publish","type":"post","link":"https:\/\/www.cdlpv.org\/dtl\/2013\/01\/14\/iberolingua\/","title":{"rendered":"Iberolingua"},"content":{"rendered":"<p>El bloc Vent d Cabylia (de l&#8217;historiador Vicent Baydal) ens proporciona un enlla\u00e7 a un web ben documentat i interessant: <a href='http:\/\/www.ventdcabylia.com\/2013\/01\/iberolingua-i-per-curiosos-de-les.html' target=\"_blank\">Vent d Cabylia: Iberolingua (I): Per a curiosos de les lleng\u00fces peninsulars<\/a>. Entre altres informacions actuals i hist\u00f2riques que oferix <a href=\"http:\/\/iberolingua.com\/pagines\/1_INICI.htm\" target=\"_blank\">Iberolingua<\/a> sobre les lleng\u00fces de la pen\u00ednsula Ib\u00e8rica, podem destacar, pel que fa al catal\u00e0:<\/p>\n<blockquote>\n<ul>\n<li><a href=\"http:\/\/www.iberolingua.com\/atles\/ATLES_CATALA.htm\" target=\"_blank\">Atles Ling\u00fc\u00edstic General del Catal\u00e0<\/a>: l&#8217;Atles recull una s\u00e8rie de mapes amb aspectes geogr\u00e0fics, hist\u00f2rics, dialectals i ling\u00fc\u00edstics de l&#8217;\u00e0mbit del catal\u00e0.\n<li><a href=\"http:\/\/www.iberolingua.com\/atles\/ATLES_VALENCIA.htm\" target=\"_blank\">Atles Ling\u00fc\u00edstic del Valenci\u00e0<\/a>: l&#8217;Atles recull una s\u00e8rie de mapes amb aspectes geogr\u00e0fics, hist\u00f2rics, dialectals i ling\u00fc\u00edstics del valenci\u00e0.\n<\/ul>\n<\/blockquote>\n","protected":false},"excerpt":{"rendered":"<p>El bloc Vent d Cabylia (de l&#8217;historiador Vicent Baydal) ens proporciona un enlla\u00e7 a un web ben documentat i interessant: Vent d Cabylia: Iberolingua (I): Per a curiosos de les lleng\u00fces peninsulars. Entre altres informacions actuals i hist\u00f2riques que oferix Iberolingua sobre les lleng\u00fces de la pen\u00ednsula Ib\u00e8rica, podem destacar, pel que fa al catal\u00e0: [&hellip;]<\/p>\n","protected":false},"author":2,"featured_media":0,"comment_status":"open","ping_status":"open","sticky":false,"template":"","format":"standard","meta":{"footnotes":""},"categories":[2,3,10,27],"tags":[76,202,278],"class_list":["post-2622","post","type-post","status-publish","format-standard","hentry","category-comunicacio","category-documentacio","category-formacio","category-sociolinguistica","tag-blocs","tag-filologia","tag-linguistica"],"_links":{"self":[{"href":"https:\/\/www.cdlpv.org\/dtl\/wp-json\/wp\/v2\/posts\/2622","targetHints":{"allow":["GET"]}}],"collection":[{"href":"https:\/\/www.cdlpv.org\/dtl\/wp-json\/wp\/v2\/posts"}],"about":[{"href":"https:\/\/www.cdlpv.org\/dtl\/wp-json\/wp\/v2\/types\/post"}],"author":[{"embeddable":true,"href":"https:\/\/www.cdlpv.org\/dtl\/wp-json\/wp\/v2\/users\/2"}],"replies":[{"embeddable":true,"href":"https:\/\/www.cdlpv.org\/dtl\/wp-json\/wp\/v2\/comments?post=2622"}],"version-history":[{"count":0,"href":"https:\/\/www.cdlpv.org\/dtl\/wp-json\/wp\/v2\/posts\/2622\/revisions"}],"wp:attachment":[{"href":"https:\/\/www.cdlpv.org\/dtl\/wp-json\/wp\/v2\/media?parent=2622"}],"wp:term":[{"taxonomy":"category","embeddable":true,"href":"https:\/\/www.cdlpv.org\/dtl\/wp-json\/wp\/v2\/categories?post=2622"},{"taxonomy":"post_tag","embeddable":true,"href":"https:\/\/www.cdlpv.org\/dtl\/wp-json\/wp\/v2\/tags?post=2622"}],"curies":[{"name":"wp","href":"https:\/\/api.w.org\/{rel}","templated":true}]}}