{"id":261,"date":"2007-12-15T13:34:33","date_gmt":"2007-12-15T12:34:33","guid":{"rendered":"http:\/\/www.cdlpv.org\/dtl\/?p=261"},"modified":"2007-12-15T13:34:33","modified_gmt":"2007-12-15T12:34:33","slug":"tv3-i-la-democracia-al-pais-valencia","status":"publish","type":"post","link":"https:\/\/www.cdlpv.org\/dtl\/2007\/12\/15\/tv3-i-la-democracia-al-pais-valencia\/","title":{"rendered":"TV3 i la democr\u00e0cia al Pa\u00eds Valenci\u00e0"},"content":{"rendered":"<p><a href='http:\/\/www.cdlpv.org\/dtl\/wp-content\/graciasgv.png' title='Agra\u00efments, nom\u00e9s en espanyol en la GV' target=\"_blank\"><img src='http:\/\/www.cdlpv.org\/dtl\/wp-content\/graciasgv.thumbnail.png' alt='Agra\u00efments, nom\u00e9s en espanyol en la GV' align=\"_right\"\/><\/a>Dins de la campanya per a reclamar la no-intromissi\u00f3 del govern valenci\u00e0 i la seua col\u00b7laboraci\u00f3 per a la perman\u00e8ncia de les emissions de la <span class=\"versaleta\">TV3<\/span> (i els altres canals de la corporaci\u00f3) al Pa\u00eds Valenci\u00e0 que duren ja fa m\u00e9s de vint anys, podeu utilitzar un formulari de Presid\u00e8ncia de la Generalitat valenciana, una canal de la xarxa perqu\u00e8 els ciutadans els escrivim suggeriments.<\/p>\n<p>Si b\u00e9 l&#8217;adre\u00e7a (http:\/\/www.pre.gva.es\/val\/<strong>buzon<\/strong>.htm) ja \u00e9s indicativa de la superficialitat amb qu\u00e8 assumixen la llengua valenciana en eixa administraci\u00f3 p\u00fablica de tots els valencians, m\u00e9s enll\u00e0 de les proclames indecents que ens assolta de tant en tant algun honorable o il\u00b7lustre, cal tindre en compte que la p\u00e0gina de la \u00abb\u00fastia\u00bb s\u00ed que apareix en valenci\u00e0. En canvi, i ara ve la confirmaci\u00f3 de la discriminaci\u00f3 profunda &mdash;enfront de l&#8217;exaltaci\u00f3 superficial&mdash;, la p\u00e0gina seg\u00fcent, que agra\u00efx l&#8217;enviament, est\u00e0 \u00fanicament en espanyol (com podeu vore en la imatge). Capa\u00e7os s\u00f3n de dir que s\u00f3n problemes inform\u00e0tics, i ens voldran conv\u00e9ncer que ens freguem els ulls amb els colzes.<\/p>\n<p>Ara van a pels repetidors del <a href=\"http:\/\/www.vilaweb.cat\/www\/noticia?p_idcmp=2666704\" target=\"_blank\">Bartolo i del Mond\u00faber<\/a>. Esperem que Francisco Camps s\u00e0pia administrar la gl\u00f2ria d&#8217;eixes \u00abvict\u00f2ries\u00bb contra la llibertat d&#8217;elecci\u00f3, de comunicaci\u00f3 i d&#8217;expressi\u00f3 dels ciutadans valencians.<\/p>\n<hr \/>\n<p>PS: Per cert, si alg\u00fa vol polsar una altra tecla, li vaig enviar una carta al comissari europeu de multiling\u00fcisme, Leonard Orban (<a href=\"mailto:CAB-ORBAN-CONTACT@ec.europa.eu\">CAB-ORBAN-CONTACT@ec.europa.eu<\/a>):<\/p>\n<blockquote><p>\nEl govern valenci\u00e0 de Francisco Camps ha iniciat una s\u00e8rie d&#8217;accions judicials que pretenen posar obstacles a la connexi\u00f3 comunicativa i ling\u00fc\u00edstica entre el Pa\u00eds Valenci\u00e0 i Catalunya.<\/p>\n<p>Una associaci\u00f3 privada, Acci\u00f3 Cultural del Pa\u00eds Valenci\u00e0 (ACPV), de la qual s\u00f3c soci, fa m\u00e9s de vint anys que inici\u00e0 la reemissi\u00f3 del senyal de TV3 al Pa\u00eds Valenci\u00e0, actuaci\u00f3 que ha perm\u00e9s mantindre la comunicaci\u00f3 ling\u00fc\u00edstica i cultural les dos parts m\u00e9s importants dels territoris de parla catalana, i gr\u00e0cies a la qual hem pogut ampliar la nostra visi\u00f3 del m\u00f3n en catal\u00e0 amb m\u00e9s opcions i m\u00e9s llibertat d&#8217;elecci\u00f3.<\/p>\n<p>Actualment, i despr\u00e9s de vint anys d&#8217;alegalitat &#8211;que no d&#8217;il\u00b7legalitat&#8211; de les emissions, el govern valenci\u00e0 &#8211;davant la passivitat del govern central espanyol, que \u00e9s el propietari o titular de les freq\u00fc\u00e8ncies&#8211;, est\u00e0 duent a terme un proc\u00e9s de tall del senyal mitjan\u00e7ant el precintat dels repetidors d&#8217;ACPV. La finalitat, encara que est\u00e0 revestida d&#8217;una p\u00e0tina de legalitat a trav\u00e9s de resolucions judicials, no pret\u00e9n, per contra, defendre cap b\u00e9 p\u00fablic, ni cap inter\u00e9s ciutad\u00e0, sin\u00f3, ben al contrari, pervertint un instrument legal, perseguix nom\u00e9s intervindre, censurar o tallar les reemissions lliures i sense \u00e0nim de lucre que du a terme ACPV.<\/p>\n<p>Com a ciutad\u00e0 catalanoparlant del Pa\u00eds Valenci\u00e0, considere que el govern valenci\u00e0 (i la passivitat del govern espanyol) est\u00e0 infringint la Carta europea de les lleng\u00fces (art 11.2).<\/p>\n<p>Per tot aix\u00f2 vos demane que, dins de les vostres atribucions, prengau les mesures que considereu m\u00e9s adequades per a evitar la vulneraci\u00f3 dels drets dels catalanoparlants a mantindre els seus lligams ling\u00fc\u00edstics i culturals a trav\u00e9s de la llibertat d&#8217;elecci\u00f3 de mitjans de comunicaci\u00f3 i d&#8217;expressi\u00f3, m\u00e9s encara quan no tenen \u00e0nim de lucre ni entren en conflicte amb cap b\u00e9 o dret p\u00fablic superior.<\/p>\n<p>Vos adjunte la reproducci\u00f3 d&#8217;una sent\u00e8ncia judicial que imped\u00ed una mesura cautelar i que contenia unes argumentacions ben s\u00f2lides que complementen la Carta europea de les lleng\u00fces (tamb\u00e9 la podeu consultar <a href=\"http:\/\/www.cdlpv.org\/dtl\/wp-content\/monduber-tv3\/monduber.htm\" target=\"_blank\">ac\u00ed<\/a>).<\/p>\n<p>Espere que pugau actuar d&#8217;alguna manera per a resoldre este conflicte en qu\u00e8 un govern intentar coartar els drets de comunicaci\u00f3 i expressi\u00f3 dels seus ciutadans en el si de la Uni\u00f3 Europea.<\/p>\n<p>Moltes gr\u00e0cies.\n<\/p><\/blockquote>\n","protected":false},"excerpt":{"rendered":"<p>Dins de la campanya per a reclamar la no-intromissi\u00f3 del govern valenci\u00e0 i la seua col\u00b7laboraci\u00f3 per a la perman\u00e8ncia de les emissions de la TV3 (i els altres canals de la corporaci\u00f3) al Pa\u00eds Valenci\u00e0 que duren ja fa m\u00e9s de vint anys, podeu utilitzar un formulari de Presid\u00e8ncia de la Generalitat valenciana, una [&hellip;]<\/p>\n","protected":false},"author":2,"featured_media":0,"comment_status":"open","ping_status":"open","sticky":false,"template":"","format":"standard","meta":{"footnotes":""},"categories":[36,2,1,19,27,34,35],"tags":[48,100,275,318,487,491],"class_list":["post-261","post","type-post","status-publish","format-standard","hentry","category-allofobia","category-comunicacio","category-general","category-politica","category-sociolinguistica","category-tv3","category-unio-europea","tag-acpv","tag-censura","tag-leonard-orban","tag-monduber","tag-tv3","tag-unio-europea"],"_links":{"self":[{"href":"https:\/\/www.cdlpv.org\/dtl\/wp-json\/wp\/v2\/posts\/261","targetHints":{"allow":["GET"]}}],"collection":[{"href":"https:\/\/www.cdlpv.org\/dtl\/wp-json\/wp\/v2\/posts"}],"about":[{"href":"https:\/\/www.cdlpv.org\/dtl\/wp-json\/wp\/v2\/types\/post"}],"author":[{"embeddable":true,"href":"https:\/\/www.cdlpv.org\/dtl\/wp-json\/wp\/v2\/users\/2"}],"replies":[{"embeddable":true,"href":"https:\/\/www.cdlpv.org\/dtl\/wp-json\/wp\/v2\/comments?post=261"}],"version-history":[{"count":0,"href":"https:\/\/www.cdlpv.org\/dtl\/wp-json\/wp\/v2\/posts\/261\/revisions"}],"wp:attachment":[{"href":"https:\/\/www.cdlpv.org\/dtl\/wp-json\/wp\/v2\/media?parent=261"}],"wp:term":[{"taxonomy":"category","embeddable":true,"href":"https:\/\/www.cdlpv.org\/dtl\/wp-json\/wp\/v2\/categories?post=261"},{"taxonomy":"post_tag","embeddable":true,"href":"https:\/\/www.cdlpv.org\/dtl\/wp-json\/wp\/v2\/tags?post=261"}],"curies":[{"name":"wp","href":"https:\/\/api.w.org\/{rel}","templated":true}]}}