{"id":2608,"date":"2012-12-30T00:47:16","date_gmt":"2012-12-29T22:47:16","guid":{"rendered":"http:\/\/www.cdlpv.org\/dtl\/?p=2608"},"modified":"2012-12-30T00:47:16","modified_gmt":"2012-12-29T22:47:16","slug":"la-posicio-de-tfv-davant-la-reforma-de-la-llei-de-lavl","status":"publish","type":"post","link":"https:\/\/www.cdlpv.org\/dtl\/2012\/12\/30\/la-posicio-de-tfv-davant-la-reforma-de-la-llei-de-lavl\/","title":{"rendered":"La posici\u00f3 de TFV davant la reforma de la llei de l&#8217;AVL"},"content":{"rendered":"<p>Alg\u00fa en el govern valenci\u00e0 ha tingut la pensada de reduir tamb\u00e9 el nombre d&#8217;acad\u00e8mics. De moment, enguany han redu\u00eft el 15&nbsp;% el pressupost que rebr\u00e0 l&#8217;Acad\u00e8mia Valenciana de la Llengua. Segons la informaci\u00f3 del diari <em>Levante<\/em> <a href=\"http:\/\/www.levante-emv.com\/comunitat-valenciana\/2012\/12\/15\/fabra-quiere-refundar-academia-llengua-consell-cultura\/959956.html\" target=\"_blank\">(15.12.2012)<\/a>:<\/p>\n<blockquote>\n<h2>Fabra quiere refundar la Acad\u00e8mia de la Llengua y el Consell de Cultura<\/h2>\n<p>La Acad\u00e8mia y el <span class=\"versaleta\">cvc<\/span> pasar\u00e1n de 21 a 11 miembros y las Corts, en el supuesto de que la ley se aprobara (para lo que hacen falta tres quintos de la C\u00e1mara, esto es, el apoyo del <span class=\"versaleta\">pdpv<\/span>), tendr\u00e1n tres meses desde la publicaci\u00f3n en el <span class=\"versaleta\">docv<\/span> para reeditar el pacto de los acad\u00e9micos de la lengua que tanto cost\u00f3 fraguar. En la pr\u00e1ctica, supondr\u00e1 la refundaci\u00f3n de la <span class=\"versaleta\">avl<\/span>, que pondr\u00e1 el contador a cero en el plazo de 15 a\u00f1os sobre los que se mantiene la tutela pol\u00edtica respecto a su composici\u00f3n.\n<\/p><\/blockquote>\n<p>L&#8217;associaci\u00f3 Taula de Filologia Valenciana ha volgut fer p\u00fablic el seu parer sobre eixa \u00abrefundaci\u00f3\u00bb mitjan\u00e7ant un <a href=\"http:\/\/www.facebook.com\/permalink.php?story_fbid=538038252875256&#038;id=395876363758113\" target=\"_blank\">comunicat<\/a> i demana als pol\u00edtics valencians:<\/p>\n<blockquote><p>\nTaula de Filologia Valenciana demana a tots els membres de les Corts valencianes que reflexionen sobre el manteniment de la llei de creaci\u00f3 de l\u2019Acad\u00e8mia Valenciana de la Llengua. Sens dubte, el Govern valenci\u00e0 deu reduir les despeses evitables en el funcionament de les institucions p\u00fabliques per a contribuir a superar el deute de la Generalitat. Per\u00f2 eixe objectiu es pot satisfer sense tocar la llei de creaci\u00f3 de l\u2019Acad\u00e8mia Valenciana de la Llengua, que tant de consens pol\u00edtic va tindre (el <span class=\"versaleta\">ppcv<\/span>, el <span class=\"versaleta\">pspv-psoe<\/span>, el Bloc Nacionalista Valenci\u00e0 i, posteriorment, <span class=\"versaleta\">eupv<\/span>).<\/p><\/blockquote>\n","protected":false},"excerpt":{"rendered":"<p>Alg\u00fa en el govern valenci\u00e0 ha tingut la pensada de reduir tamb\u00e9 el nombre d&#8217;acad\u00e8mics. De moment, enguany han redu\u00eft el 15&nbsp;% el pressupost que rebr\u00e0 l&#8217;Acad\u00e8mia Valenciana de la Llengua. Segons la informaci\u00f3 del diari Levante (15.12.2012): Fabra quiere refundar la Acad\u00e8mia de la Llengua y el Consell de Cultura La Acad\u00e8mia y el [&hellip;]<\/p>\n","protected":false},"author":2,"featured_media":0,"comment_status":"open","ping_status":"open","sticky":false,"template":"","format":"standard","meta":{"footnotes":""},"categories":[38,2,1,19],"tags":[472],"class_list":["post-2608","post","type-post","status-publish","format-standard","hentry","category-avl","category-comunicacio","category-general","category-politica","tag-tfv"],"_links":{"self":[{"href":"https:\/\/www.cdlpv.org\/dtl\/wp-json\/wp\/v2\/posts\/2608","targetHints":{"allow":["GET"]}}],"collection":[{"href":"https:\/\/www.cdlpv.org\/dtl\/wp-json\/wp\/v2\/posts"}],"about":[{"href":"https:\/\/www.cdlpv.org\/dtl\/wp-json\/wp\/v2\/types\/post"}],"author":[{"embeddable":true,"href":"https:\/\/www.cdlpv.org\/dtl\/wp-json\/wp\/v2\/users\/2"}],"replies":[{"embeddable":true,"href":"https:\/\/www.cdlpv.org\/dtl\/wp-json\/wp\/v2\/comments?post=2608"}],"version-history":[{"count":0,"href":"https:\/\/www.cdlpv.org\/dtl\/wp-json\/wp\/v2\/posts\/2608\/revisions"}],"wp:attachment":[{"href":"https:\/\/www.cdlpv.org\/dtl\/wp-json\/wp\/v2\/media?parent=2608"}],"wp:term":[{"taxonomy":"category","embeddable":true,"href":"https:\/\/www.cdlpv.org\/dtl\/wp-json\/wp\/v2\/categories?post=2608"},{"taxonomy":"post_tag","embeddable":true,"href":"https:\/\/www.cdlpv.org\/dtl\/wp-json\/wp\/v2\/tags?post=2608"}],"curies":[{"name":"wp","href":"https:\/\/api.w.org\/{rel}","templated":true}]}}