{"id":26,"date":"2006-12-14T22:23:55","date_gmt":"2006-12-14T20:23:55","guid":{"rendered":"http:\/\/www.cdlpv.org\/dtl\/?p=26"},"modified":"2006-12-14T22:23:55","modified_gmt":"2006-12-14T20:23:55","slug":"queixat-per-la-memoria-historica","status":"publish","type":"post","link":"https:\/\/www.cdlpv.org\/dtl\/2006\/12\/14\/queixat-per-la-memoria-historica\/","title":{"rendered":"Queixa\u2019t!, per la mem\u00f2ria hist\u00f2rica"},"content":{"rendered":"<p>La not\u00edcia \u00e9s d&#8217;Europa Press i ens mostra que l&#8217;activitat de queixa, a pesar de no ser la m\u00e9s feli\u00e7ment efica\u00e7 sempre, \u00e9s un instrument que cal practicar amb assidu\u00eftat. El que no queda clar \u00e9s d&#8217;acord amb qu\u00e8 pretenen els diputats que les forces de seguretat valoren les lleng\u00fces oficials no espanyoles, si al congr\u00e9s dels diputats espanyols tenen tants dubtes (gens democr\u00e0tics) a l&#8217;hora de predicar amb l&#8217;exemple.<\/p>\n<blockquote>\n<p>\nVAL\u00c8NCIA, 14 (EUROPA PRESS)<\/p>\n<p>La diputada d&#8217;EU-ICV al Congr\u00e9s dels Diputats Isaura Navarro ha acusat hui el Govern espanyol de \u00abmentir\u00bb i d&#8217;\u00abocultar\u00bb les queixes formulades pels ciutadans contra l&#8217;actitud \u00abobertament hostil\u00bb de diversos membres de les forces de seguretat de l&#8217;Estat \u00abamb la resta de lleng\u00fces cooficials i,<br \/>\nespecialment, als territoris de l&#8217;antiga Corona d&#8217;Arag\u00f3\u00bb.<\/p>\n<p>Navarro s&#8217;ha referit aix\u00ed a una resposta del Govern \u00aben qu\u00e8 es nega haver registrat des de gener del 2006 fins a l&#8217;actualitat cap queixa per part de ciutadans que hagen considerat que no han estat tractats adequadament per les forces de seguretat pel fet de parlar en catal\u00e0\u00bb. La parlament\u00e0ria<br \/>\nvalenciana d&#8217;EU ha assenyalat que \u00abcom a m\u00ednim s&#8217;han registrat episodis prou lamentables com el tractament per part d&#8217;un membre de la Policia Nacional a un estudiant de X\u00e0tiva per parlar valenci\u00e0, i la detenci\u00f3 d&#8217;un periodista a Mallorca per dirigir-se als agents en la seua llengua\u00bb. \u00abTot aix\u00f2 demostra que el Govern no t\u00e9 en compte les queixes ciutadanes\u00bb, ha manifestat Navarro, per a afegir que \u00abamb esta actitud de no recon\u00e9ixer que hi ha membres de les forces de seguretat de l&#8217;Estat que no tenen cap respecte a la llengua pr\u00f2pia i oficial no es resoldr\u00e0 esta q\u00fcesti\u00f3\u00bb.<\/p>\n<p>La diputada ha indicat que \u00abels problemes no es resolen si no es reconeixen\u00bb i ha agregat que \u00abamb la seua resposta, el Govern ha demostrat que oculta les queixes i, a m\u00e9s, mentix sobre el tema\u00bb. Navarro ha manifestat que al Congr\u00e9s dels Diputats es van aprovar una s\u00e8rie d&#8217;iniciatives \u00abperqu\u00e8 els agents no nom\u00e9s coneguen les altres lleng\u00fces oficials, sin\u00f3 que tamb\u00e9 les valoren\u00bb, el que \u00abdemostra que hi ha molt de cam\u00ed a rec\u00f3rrer encara\u00bb, ha dit Navarro, qui s&#8217;ha oferit a informar personalment el Govern de les situacions de conflicte per esta q\u00fcesti\u00f3.\n<\/p>\n<\/blockquote>\n<p>Per tant, cal continuar amb las tasca, que no se&#8217;ns enduga l&#8217;oblit hist\u00f2ric que preparen en forma de llei.<\/p>\n","protected":false},"excerpt":{"rendered":"<p>La not\u00edcia \u00e9s d&#8217;Europa Press i ens mostra que l&#8217;activitat de queixa, a pesar de no ser la m\u00e9s feli\u00e7ment efica\u00e7 sempre, \u00e9s un instrument que cal practicar amb assidu\u00eftat. El que no queda clar \u00e9s d&#8217;acord amb qu\u00e8 pretenen els diputats que les forces de seguretat valoren les lleng\u00fces oficials no espanyoles, si al [&hellip;]<\/p>\n","protected":false},"author":2,"featured_media":0,"comment_status":"open","ping_status":"open","sticky":false,"template":"","format":"standard","meta":{"footnotes":""},"categories":[4,1,19],"tags":[],"class_list":["post-26","post","type-post","status-publish","format-standard","hentry","category-dret","category-general","category-politica"],"_links":{"self":[{"href":"https:\/\/www.cdlpv.org\/dtl\/wp-json\/wp\/v2\/posts\/26","targetHints":{"allow":["GET"]}}],"collection":[{"href":"https:\/\/www.cdlpv.org\/dtl\/wp-json\/wp\/v2\/posts"}],"about":[{"href":"https:\/\/www.cdlpv.org\/dtl\/wp-json\/wp\/v2\/types\/post"}],"author":[{"embeddable":true,"href":"https:\/\/www.cdlpv.org\/dtl\/wp-json\/wp\/v2\/users\/2"}],"replies":[{"embeddable":true,"href":"https:\/\/www.cdlpv.org\/dtl\/wp-json\/wp\/v2\/comments?post=26"}],"version-history":[{"count":0,"href":"https:\/\/www.cdlpv.org\/dtl\/wp-json\/wp\/v2\/posts\/26\/revisions"}],"wp:attachment":[{"href":"https:\/\/www.cdlpv.org\/dtl\/wp-json\/wp\/v2\/media?parent=26"}],"wp:term":[{"taxonomy":"category","embeddable":true,"href":"https:\/\/www.cdlpv.org\/dtl\/wp-json\/wp\/v2\/categories?post=26"},{"taxonomy":"post_tag","embeddable":true,"href":"https:\/\/www.cdlpv.org\/dtl\/wp-json\/wp\/v2\/tags?post=26"}],"curies":[{"name":"wp","href":"https:\/\/api.w.org\/{rel}","templated":true}]}}