{"id":2588,"date":"2012-12-14T19:11:56","date_gmt":"2012-12-14T17:11:56","guid":{"rendered":"http:\/\/www.cdlpv.org\/dtl\/?p=2588"},"modified":"2012-12-14T19:11:56","modified_gmt":"2012-12-14T17:11:56","slug":"lemissio-de-tv3-al-pais-valencia-es-una-activitat-licita","status":"publish","type":"post","link":"https:\/\/www.cdlpv.org\/dtl\/2012\/12\/14\/lemissio-de-tv3-al-pais-valencia-es-una-activitat-licita\/","title":{"rendered":"L\u2019emissi\u00f3 de TV3 al Pa\u00eds Valenci\u00e0 \u00e9s una activitat l\u00edcita"},"content":{"rendered":"<p>El <a href=\"http:\/\/acpv.cat\/web\/actualitat\/el-suprem-dona-la-rao-a-accio-cultural\" target=\"_blank\">web<\/a> d&#8217;Acci\u00f3 Cultural del Pa\u00eds Valenci\u00e0 porta bones not\u00edcies judicials:<\/p>\n<blockquote><p>Acci\u00f3 Cultural del Pa\u00eds Valenci\u00e0 (ACPV) valora molt positivament la sent\u00e8ncia del Tribunal Suprem sobre el recurs de la nostra entitat a la primera multa per les emissions de TV3 al Pa\u00eds Valenci\u00e0.<\/p>\n[&#8230;]\n<p>Ara, Acci\u00f3 Cultural est\u00e9n la m\u00e0 al president Fabra i al nou Govern valenci\u00e0 perqu\u00e8 trenque definitivament amb el llegat del president Camps, que ha estat censurat jur\u00eddicament pel Tribunal Suprem, i opte pel di\u00e0leg que, una vegada m\u00e9s, li oferim. Di\u00e0leg per a, primer, posar fi a la persecuci\u00f3 a la nostra entitat i retirar els expedients administratius contra Acci\u00f3 Cultural i retornar l\u2019import de les multes que ens hem vist for\u00e7ats a pagar injustament (com ara es demostra). Di\u00e0leg, segon, per a posar fi a la censura i reobrir les emissions de TV3 al Pa\u00eds Valenci\u00e0 el m\u00e9s prompte possible.\n<\/p><\/blockquote>\n<p>Els destrellats que hem hagut de suportar al llarg de massa anys dels governs del Partit Popular i, particularment, de l&#8217;antic president de la Generalitat valenciana, Francisco Camps Ortiz (veg. <a href=\"http:\/\/www.cdlpv.org\/dtl\/?tag=tv3\" target=\"_blank\"><span class=\"versaleta\"><em>dtl<\/em><\/span><\/a>), tenen ara un contrapunt judicial \u2014un altre, si tenim en compte les sent\u00e8ncies (veg. <a href=\"http:\/\/www.cdlpv.org\/dtl\/?tag=sentencies\" target=\"_blank\"><span class=\"versaleta\"><em>dtl<\/em><\/span><\/a>) contra les seues pol\u00edtiques autorit\u00e0ries i a&#320;l\u00f2fobes\u2014 que reconforta un poc davant la situaci\u00f3 de crisi econ\u00f2mica, social i pol\u00edtica de la societat valenciana a qu\u00e8 ha dut eixa ideologia sense valors.<\/p>\n","protected":false},"excerpt":{"rendered":"<p>El web d&#8217;Acci\u00f3 Cultural del Pa\u00eds Valenci\u00e0 porta bones not\u00edcies judicials: Acci\u00f3 Cultural del Pa\u00eds Valenci\u00e0 (ACPV) valora molt positivament la sent\u00e8ncia del Tribunal Suprem sobre el recurs de la nostra entitat a la primera multa per les emissions de TV3 al Pa\u00eds Valenci\u00e0. [&#8230;] Ara, Acci\u00f3 Cultural est\u00e9n la m\u00e0 al president Fabra i [&hellip;]<\/p>\n","protected":false},"author":2,"featured_media":0,"comment_status":"open","ping_status":"open","sticky":false,"template":"","format":"standard","meta":{"footnotes":""},"categories":[36,4,1,14,19,34],"tags":[48,100,274,435,465],"class_list":["post-2588","post","type-post","status-publish","format-standard","hentry","category-allofobia","category-dret","category-general","category-jurisprudencia","category-politica","category-tv3","tag-acpv","tag-censura","tag-legislacio","tag-sentencies","tag-televisio"],"_links":{"self":[{"href":"https:\/\/www.cdlpv.org\/dtl\/wp-json\/wp\/v2\/posts\/2588","targetHints":{"allow":["GET"]}}],"collection":[{"href":"https:\/\/www.cdlpv.org\/dtl\/wp-json\/wp\/v2\/posts"}],"about":[{"href":"https:\/\/www.cdlpv.org\/dtl\/wp-json\/wp\/v2\/types\/post"}],"author":[{"embeddable":true,"href":"https:\/\/www.cdlpv.org\/dtl\/wp-json\/wp\/v2\/users\/2"}],"replies":[{"embeddable":true,"href":"https:\/\/www.cdlpv.org\/dtl\/wp-json\/wp\/v2\/comments?post=2588"}],"version-history":[{"count":0,"href":"https:\/\/www.cdlpv.org\/dtl\/wp-json\/wp\/v2\/posts\/2588\/revisions"}],"wp:attachment":[{"href":"https:\/\/www.cdlpv.org\/dtl\/wp-json\/wp\/v2\/media?parent=2588"}],"wp:term":[{"taxonomy":"category","embeddable":true,"href":"https:\/\/www.cdlpv.org\/dtl\/wp-json\/wp\/v2\/categories?post=2588"},{"taxonomy":"post_tag","embeddable":true,"href":"https:\/\/www.cdlpv.org\/dtl\/wp-json\/wp\/v2\/tags?post=2588"}],"curies":[{"name":"wp","href":"https:\/\/api.w.org\/{rel}","templated":true}]}}