{"id":2579,"date":"2012-11-23T14:36:43","date_gmt":"2012-11-23T12:36:43","guid":{"rendered":"http:\/\/www.cdlpv.org\/dtl\/?p=2579"},"modified":"2012-11-23T14:36:43","modified_gmt":"2012-11-23T12:36:43","slug":"el-tsj-i-la-gestio-linguistica-municipal-dalboraia","status":"publish","type":"post","link":"https:\/\/www.cdlpv.org\/dtl\/2012\/11\/23\/el-tsj-i-la-gestio-linguistica-municipal-dalboraia\/","title":{"rendered":"El TSJ i la gesti\u00f3 ling\u00fc\u00edstica municipal d&#8217;Alboraia"},"content":{"rendered":"<p>Arran del cas de la supressi\u00f3 de l&#8217;oficina d&#8217;Alboraia (veg. <a href=\"http:\/\/www.cdlpv.org\/dtl\/?tag=alboraia\" target=\"_blank\"><span class=\"versaleta\"><em>dtl<\/em><\/span><\/a>) i del proc\u00e9s legal que la den\u00fancia de diverses persones i entitats van interposar, una sent\u00e8ncia del Tribunal Superior de Just\u00edcia valenci\u00e0 insistix en les obligacions de gesti\u00f3 ling\u00fc\u00edstica que han d&#8217;atendre els ciutadans (<em>El Punt,<\/em> <a href=\"http:\/\/www.elpuntavui.cat\/noticia\/article\/3-politica\/17-politica\/595700-el-tsj-anulmla-la-supressio-de-loficina-de-promocio-lingueistica-dalboraia.html\" target=\"_blank\">22.11.2012<\/a>):<\/p>\n<blockquote>\n<h2> El TSJ anu&#320;la la supressi\u00f3 de l&#8217;Oficina de Promoci\u00f3 Ling\u00fc\u00edstica d&#8217;Alboraia<\/h2>\n<h3>L&#8217;Ajuntament va adoptar la decisi\u00f3 en 2009 per raons econ\u00f2miques i perqu\u00e8 assegurava que \u00abels funcionaris coneixen amb sufici\u00e8ncia el valenci\u00e0\u00bb<\/h3>\n<h3>El Tribunal considera que el consistori suprimint l&#8217;oficina i no acreditant altres medis incompleix l&#8217;obligaci\u00f3 de promoure la recuperaci\u00f3 del valenci\u00e0 i fomentar-ne el seu \u00fas en tots els \u00e0mbits de la vida ciutadana<\/h3>\n<\/blockquote>\n<p>En el <a href=\"http:\/\/acpv.cat\/web\/actualitat\/el-tsj-dona-la-rao-a-acpv-i-obliga-a-alboraia-a-anullar-la-supressio-de-loficina-per-a-la-promocio-de-lus-del-valencia\" target=\"_blank\">web<\/a> d&#8217;Acci\u00f3 Cultural del Pa\u00eds Valenci\u00e0 hi ha m\u00e9s informaci\u00f3 i tamb\u00e9 la sent\u00e8ncia (veg. <a href=\"http:\/\/acpv.cat\/web\/descarregues\/article\/1180\/13-11-2012-sentenia-accio-cultural-503-09.pdf\" target=\"_blank\"><span class=\"versaleta\">pdf<\/span><\/a>), que assenyala, entre altres coses:<\/p>\n<blockquote><p>\nL&#8217;article 6.5 de l&#8217;estatut d&#8217;autonomia valenci\u00e0 disposa que \u00abs&#8217;atorgar\u00e0 especial protecci\u00f3 i respecte a la recuperaci\u00f3 del valenci\u00e0\u00bb, aix\u00ed mateix, del pre\u00e0mbul i dels articles 28 i 33 de la Llei 4\/1983, d&#8217;\u00das, deriva una espec\u00edfica obligaci\u00f3 per als ajuntaments de fomentar l&#8217;\u00fas del valenci\u00e0 en totes les activitats administratives dels \u00f2rgans que en depenen, aix\u00ed com en les activitats professionals, mercantils, laborals , sindicals, pol\u00edtiques, recreatives, art\u00edstiques i associatives. Finalment, l&#8217;article 2 del Reglament municipal de promoci\u00f3 del valenci\u00e0, en les seves lletres <em>b<\/em> i <em>c<\/em>), subsistents despr\u00e9s de la modificaci\u00f3 d&#8217;aquest, assenyalen entre els seus objectius \u00abpromoure la recuperaci\u00f3 del valenci\u00e0 i fomentar el seu \u00fas en tots els \u00e0mbits de la vida ciutadana\u00bb i \u00abfer efectiu l&#8217;\u00fas oficial del valenci\u00e0, com a llengua pr\u00f2pia de l&#8217;administraci\u00f3 local i el municipi d&#8217;Alboraia\u00bb.\n<\/p><\/blockquote>\n<p>Ah, la sent\u00e8ncia est\u00e0 redactada en castell\u00e0. Pel que sembla, les obligacions ling\u00fc\u00edstiques encara no s&#8217;han instaurat convenientment en l&#8217;\u00e0mbit de la just\u00edcia.<\/p>\n","protected":false},"excerpt":{"rendered":"<p>Arran del cas de la supressi\u00f3 de l&#8217;oficina d&#8217;Alboraia (veg. dtl) i del proc\u00e9s legal que la den\u00fancia de diverses persones i entitats van interposar, una sent\u00e8ncia del Tribunal Superior de Just\u00edcia valenci\u00e0 insistix en les obligacions de gesti\u00f3 ling\u00fc\u00edstica que han d&#8217;atendre els ciutadans (El Punt, 22.11.2012): El TSJ anu&#320;la la supressi\u00f3 de l&#8217;Oficina [&hellip;]<\/p>\n","protected":false},"author":2,"featured_media":0,"comment_status":"open","ping_status":"open","sticky":false,"template":"","format":"standard","meta":{"footnotes":""},"categories":[4,1,14,26],"tags":[50,55,435],"class_list":["post-2579","post","type-post","status-publish","format-standard","hentry","category-dret","category-general","category-jurisprudencia","category-serveis-linguistics","tag-administracio-local","tag-alboraia","tag-sentencies"],"_links":{"self":[{"href":"https:\/\/www.cdlpv.org\/dtl\/wp-json\/wp\/v2\/posts\/2579","targetHints":{"allow":["GET"]}}],"collection":[{"href":"https:\/\/www.cdlpv.org\/dtl\/wp-json\/wp\/v2\/posts"}],"about":[{"href":"https:\/\/www.cdlpv.org\/dtl\/wp-json\/wp\/v2\/types\/post"}],"author":[{"embeddable":true,"href":"https:\/\/www.cdlpv.org\/dtl\/wp-json\/wp\/v2\/users\/2"}],"replies":[{"embeddable":true,"href":"https:\/\/www.cdlpv.org\/dtl\/wp-json\/wp\/v2\/comments?post=2579"}],"version-history":[{"count":0,"href":"https:\/\/www.cdlpv.org\/dtl\/wp-json\/wp\/v2\/posts\/2579\/revisions"}],"wp:attachment":[{"href":"https:\/\/www.cdlpv.org\/dtl\/wp-json\/wp\/v2\/media?parent=2579"}],"wp:term":[{"taxonomy":"category","embeddable":true,"href":"https:\/\/www.cdlpv.org\/dtl\/wp-json\/wp\/v2\/categories?post=2579"},{"taxonomy":"post_tag","embeddable":true,"href":"https:\/\/www.cdlpv.org\/dtl\/wp-json\/wp\/v2\/tags?post=2579"}],"curies":[{"name":"wp","href":"https:\/\/api.w.org\/{rel}","templated":true}]}}